{"id":3309,"date":"2022-08-22T14:05:54","date_gmt":"2022-08-22T12:05:54","guid":{"rendered":"https:\/\/protea.pl\/informacja-o-smierci-p-tomasza-paszkiewicza\/"},"modified":"2026-02-23T20:35:30","modified_gmt":"2026-02-23T19:35:30","slug":"informacja-o-smierci-p-tomasza-paszkiewicza","status":"publish","type":"post","link":"https:\/\/protea.pl\/pl\/informacja-o-smierci-p-tomasza-paszkiewicza\/","title":{"rendered":"Informacja o \u015bmierci p. Tomasza Paszkiewicza"},"content":{"rendered":"<p>Z \u017calem informujemy, \u017ce 20.08.2022 roku zmar\u0142 <strong>\u015a.P.<\/strong> <strong>Tomasz Paszkiewicz<\/strong>, Za\u0142o\u017cyciel, Mentor i\u00a0 wieloletni Prezes Protea Sp. z o.o.<\/p>\n<p>Rodzinie i Bliskim sk\u0142adamy wyrazy g\u0142\u0119bokiego wsp\u00f3\u0142czucia.<\/p>\n<p>Cze\u015b\u0107 Jego pami\u0119ci.<\/p>\n<figure class=\"wp-block-gallery columns-1 is-cropped wp-block-gallery-31 is-layout-flex wp-block-gallery-is-layout-flex\">\n<ul class=\"blocks-gallery-grid\">\n<li class=\"blocks-gallery-item\">\n<figure><img loading=\"lazy\" decoding=\"async\" width=\"476\" height=\"713\" src=\"https:\/\/protea.pl\/wp-content\/uploads\/2026\/01\/Tomasz-Paszkiewicz.jpg\" alt=\"\" data-id=\"9139\" data-full-url=\"https:\/\/protea.pl\/wp-content\/uploads\/2026\/01\/Tomasz-Paszkiewicz.jpg\" data-link=\"https:\/\/protea.pl\/?attachment_id=9139\" class=\"wp-image-9139\" \/><\/figure>\n<\/li>\n<\/ul>\n<\/figure>\n","protected":false},"excerpt":{"rendered":"<p>Z \u017calem informujemy, \u017ce 20.08.2022 roku zmar\u0142 \u015a.P. Tomasz Paszkiewicz, Za\u0142o\u017cyciel, Mentor i\u00a0 wieloletni Prezes Protea Sp. z o.o. Rodzinie i Bliskim sk\u0142adamy wyrazy g\u0142\u0119bokiego wsp\u00f3\u0142czucia. Cze\u015b\u0107 Jego pami\u0119ci.<\/p>\n","protected":false},"author":1,"featured_media":3310,"comment_status":"closed","ping_status":"open","sticky":false,"template":"","format":"standard","meta":{"_acf_changed":false,"protea_body_class":"","footnotes":""},"categories":[1],"tags":[],"class_list":["post-3309","post","type-post","status-publish","format-standard","has-post-thumbnail","hentry","category-news"],"yoast_head":"<!-- This site is optimized with the Yoast SEO plugin v27.4 - https:\/\/yoast.com\/product\/yoast-seo-wordpress\/ -->\n<title>Informacja o \u015bmierci p. Tomasza Paszkiewicza - Protea<\/title>\n<meta name=\"robots\" content=\"index, follow, max-snippet:-1, max-image-preview:large, max-video-preview:-1\" \/>\n<link rel=\"canonical\" href=\"https:\/\/protea.pl\/pl\/informacja-o-smierci-p-tomasza-paszkiewicza\/\" \/>\n<meta property=\"og:locale\" content=\"pl_PL\" \/>\n<meta property=\"og:type\" content=\"article\" \/>\n<meta property=\"og:title\" content=\"Informacja o \u015bmierci p. Tomasza Paszkiewicza - Protea\" \/>\n<meta property=\"og:description\" content=\"Z \u017calem informujemy, \u017ce 20.08.2022 roku zmar\u0142 \u015a.P. Tomasz Paszkiewicz, Za\u0142o\u017cyciel, Mentor i\u00a0 wieloletni Prezes Protea Sp. z o.o. Rodzinie i Bliskim sk\u0142adamy wyrazy g\u0142\u0119bokiego wsp\u00f3\u0142czucia. Cze\u015b\u0107 Jego pami\u0119ci.\" \/>\n<meta property=\"og:url\" content=\"https:\/\/protea.pl\/pl\/informacja-o-smierci-p-tomasza-paszkiewicza\/\" \/>\n<meta property=\"og:site_name\" content=\"Protea\" \/>\n<meta property=\"article:published_time\" content=\"2022-08-22T12:05:54+00:00\" \/>\n<meta property=\"article:modified_time\" content=\"2026-02-23T19:35:30+00:00\" \/>\n<meta property=\"og:image\" content=\"https:\/\/protea.pl\/wp-content\/uploads\/2022\/08\/krzyz.jpg\" \/>\n\t<meta property=\"og:image:width\" content=\"388\" \/>\n\t<meta property=\"og:image:height\" content=\"292\" \/>\n\t<meta property=\"og:image:type\" content=\"image\/jpeg\" \/>\n<meta name=\"author\" content=\"brantt\" \/>\n<meta name=\"twitter:card\" content=\"summary_large_image\" \/>\n<meta name=\"twitter:label1\" content=\"Napisane przez\" \/>\n\t<meta name=\"twitter:data1\" content=\"brantt\" \/>\n<script type=\"application\/ld+json\" class=\"yoast-schema-graph\">{\"@context\":\"https:\\\/\\\/schema.org\",\"@graph\":[{\"@type\":\"Article\",\"@id\":\"https:\\\/\\\/protea.pl\\\/pl\\\/informacja-o-smierci-p-tomasza-paszkiewicza\\\/#article\",\"isPartOf\":{\"@id\":\"https:\\\/\\\/protea.pl\\\/pl\\\/informacja-o-smierci-p-tomasza-paszkiewicza\\\/\"},\"author\":{\"name\":\"brantt\",\"@id\":\"https:\\\/\\\/protea.pl\\\/#\\\/schema\\\/person\\\/c1b5903755680e5bfc5b1ed1b3f5c276\"},\"headline\":\"Informacja o \u015bmierci p. Tomasza Paszkiewicza\",\"datePublished\":\"2022-08-22T12:05:54+00:00\",\"dateModified\":\"2026-02-23T19:35:30+00:00\",\"mainEntityOfPage\":{\"@id\":\"https:\\\/\\\/protea.pl\\\/pl\\\/informacja-o-smierci-p-tomasza-paszkiewicza\\\/\"},\"wordCount\":41,\"publisher\":{\"@id\":\"https:\\\/\\\/protea.pl\\\/#organization\"},\"image\":{\"@id\":\"https:\\\/\\\/protea.pl\\\/pl\\\/informacja-o-smierci-p-tomasza-paszkiewicza\\\/#primaryimage\"},\"thumbnailUrl\":\"https:\\\/\\\/protea.pl\\\/wp-content\\\/uploads\\\/2022\\\/08\\\/krzyz.jpg\",\"articleSection\":[\"News\"],\"inLanguage\":\"pl-PL\"},{\"@type\":\"WebPage\",\"@id\":\"https:\\\/\\\/protea.pl\\\/pl\\\/informacja-o-smierci-p-tomasza-paszkiewicza\\\/\",\"url\":\"https:\\\/\\\/protea.pl\\\/pl\\\/informacja-o-smierci-p-tomasza-paszkiewicza\\\/\",\"name\":\"Informacja o \u015bmierci p. Tomasza Paszkiewicza - Protea\",\"isPartOf\":{\"@id\":\"https:\\\/\\\/protea.pl\\\/#website\"},\"primaryImageOfPage\":{\"@id\":\"https:\\\/\\\/protea.pl\\\/pl\\\/informacja-o-smierci-p-tomasza-paszkiewicza\\\/#primaryimage\"},\"image\":{\"@id\":\"https:\\\/\\\/protea.pl\\\/pl\\\/informacja-o-smierci-p-tomasza-paszkiewicza\\\/#primaryimage\"},\"thumbnailUrl\":\"https:\\\/\\\/protea.pl\\\/wp-content\\\/uploads\\\/2022\\\/08\\\/krzyz.jpg\",\"datePublished\":\"2022-08-22T12:05:54+00:00\",\"dateModified\":\"2026-02-23T19:35:30+00:00\",\"breadcrumb\":{\"@id\":\"https:\\\/\\\/protea.pl\\\/pl\\\/informacja-o-smierci-p-tomasza-paszkiewicza\\\/#breadcrumb\"},\"inLanguage\":\"pl-PL\",\"potentialAction\":[{\"@type\":\"ReadAction\",\"target\":[\"https:\\\/\\\/protea.pl\\\/pl\\\/informacja-o-smierci-p-tomasza-paszkiewicza\\\/\"]}]},{\"@type\":\"ImageObject\",\"inLanguage\":\"pl-PL\",\"@id\":\"https:\\\/\\\/protea.pl\\\/pl\\\/informacja-o-smierci-p-tomasza-paszkiewicza\\\/#primaryimage\",\"url\":\"https:\\\/\\\/protea.pl\\\/wp-content\\\/uploads\\\/2022\\\/08\\\/krzyz.jpg\",\"contentUrl\":\"https:\\\/\\\/protea.pl\\\/wp-content\\\/uploads\\\/2022\\\/08\\\/krzyz.jpg\",\"width\":388,\"height\":292},{\"@type\":\"BreadcrumbList\",\"@id\":\"https:\\\/\\\/protea.pl\\\/pl\\\/informacja-o-smierci-p-tomasza-paszkiewicza\\\/#breadcrumb\",\"itemListElement\":[{\"@type\":\"ListItem\",\"position\":1,\"name\":\"Home\",\"item\":\"https:\\\/\\\/protea.pl\\\/pl\\\/\"},{\"@type\":\"ListItem\",\"position\":2,\"name\":\"Informacja o \u015bmierci p. Tomasza Paszkiewicza\"}]},{\"@type\":\"WebSite\",\"@id\":\"https:\\\/\\\/protea.pl\\\/#website\",\"url\":\"https:\\\/\\\/protea.pl\\\/\",\"name\":\"Protea\",\"description\":\"\",\"publisher\":{\"@id\":\"https:\\\/\\\/protea.pl\\\/#organization\"},\"potentialAction\":[{\"@type\":\"SearchAction\",\"target\":{\"@type\":\"EntryPoint\",\"urlTemplate\":\"https:\\\/\\\/protea.pl\\\/?s={search_term_string}\"},\"query-input\":{\"@type\":\"PropertyValueSpecification\",\"valueRequired\":true,\"valueName\":\"search_term_string\"}}],\"inLanguage\":\"pl-PL\"},{\"@type\":\"Organization\",\"@id\":\"https:\\\/\\\/protea.pl\\\/#organization\",\"name\":\"Protea\",\"url\":\"https:\\\/\\\/protea.pl\\\/\",\"logo\":{\"@type\":\"ImageObject\",\"inLanguage\":\"pl-PL\",\"@id\":\"https:\\\/\\\/protea.pl\\\/#\\\/schema\\\/logo\\\/image\\\/\",\"url\":\"https:\\\/\\\/protea.pl\\\/wp-content\\\/uploads\\\/2025\\\/07\\\/cropped-logo.png\",\"contentUrl\":\"https:\\\/\\\/protea.pl\\\/wp-content\\\/uploads\\\/2025\\\/07\\\/cropped-logo.png\",\"width\":569,\"height\":250,\"caption\":\"Protea\"},\"image\":{\"@id\":\"https:\\\/\\\/protea.pl\\\/#\\\/schema\\\/logo\\\/image\\\/\"}},{\"@type\":\"Person\",\"@id\":\"https:\\\/\\\/protea.pl\\\/#\\\/schema\\\/person\\\/c1b5903755680e5bfc5b1ed1b3f5c276\",\"name\":\"brantt\",\"image\":{\"@type\":\"ImageObject\",\"inLanguage\":\"pl-PL\",\"@id\":\"https:\\\/\\\/secure.gravatar.com\\\/avatar\\\/da654031c73766a2b6ca4bb434849be2a9bd9d1214ec9f15918e59b5f94e1a68?s=96&d=mm&r=g\",\"url\":\"https:\\\/\\\/secure.gravatar.com\\\/avatar\\\/da654031c73766a2b6ca4bb434849be2a9bd9d1214ec9f15918e59b5f94e1a68?s=96&d=mm&r=g\",\"contentUrl\":\"https:\\\/\\\/secure.gravatar.com\\\/avatar\\\/da654031c73766a2b6ca4bb434849be2a9bd9d1214ec9f15918e59b5f94e1a68?s=96&d=mm&r=g\",\"caption\":\"brantt\"},\"sameAs\":[\"https:\\\/\\\/protea.pl\"],\"url\":\"https:\\\/\\\/protea.pl\\\/pl\\\/author\\\/admin\\\/\"}]}<\/script>\n<!-- \/ Yoast SEO plugin. -->","yoast_head_json":{"title":"Informacja o \u015bmierci p. Tomasza Paszkiewicza - Protea","robots":{"index":"index","follow":"follow","max-snippet":"max-snippet:-1","max-image-preview":"max-image-preview:large","max-video-preview":"max-video-preview:-1"},"canonical":"https:\/\/protea.pl\/pl\/informacja-o-smierci-p-tomasza-paszkiewicza\/","og_locale":"pl_PL","og_type":"article","og_title":"Informacja o \u015bmierci p. Tomasza Paszkiewicza - Protea","og_description":"Z \u017calem informujemy, \u017ce 20.08.2022 roku zmar\u0142 \u015a.P. Tomasz Paszkiewicz, Za\u0142o\u017cyciel, Mentor i\u00a0 wieloletni Prezes Protea Sp. z o.o. Rodzinie i Bliskim sk\u0142adamy wyrazy g\u0142\u0119bokiego wsp\u00f3\u0142czucia. Cze\u015b\u0107 Jego pami\u0119ci.","og_url":"https:\/\/protea.pl\/pl\/informacja-o-smierci-p-tomasza-paszkiewicza\/","og_site_name":"Protea","article_published_time":"2022-08-22T12:05:54+00:00","article_modified_time":"2026-02-23T19:35:30+00:00","og_image":[{"width":388,"height":292,"url":"https:\/\/protea.pl\/wp-content\/uploads\/2022\/08\/krzyz.jpg","type":"image\/jpeg"}],"author":"brantt","twitter_card":"summary_large_image","twitter_misc":{"Napisane przez":"brantt"},"schema":{"@context":"https:\/\/schema.org","@graph":[{"@type":"Article","@id":"https:\/\/protea.pl\/pl\/informacja-o-smierci-p-tomasza-paszkiewicza\/#article","isPartOf":{"@id":"https:\/\/protea.pl\/pl\/informacja-o-smierci-p-tomasza-paszkiewicza\/"},"author":{"name":"brantt","@id":"https:\/\/protea.pl\/#\/schema\/person\/c1b5903755680e5bfc5b1ed1b3f5c276"},"headline":"Informacja o \u015bmierci p. Tomasza Paszkiewicza","datePublished":"2022-08-22T12:05:54+00:00","dateModified":"2026-02-23T19:35:30+00:00","mainEntityOfPage":{"@id":"https:\/\/protea.pl\/pl\/informacja-o-smierci-p-tomasza-paszkiewicza\/"},"wordCount":41,"publisher":{"@id":"https:\/\/protea.pl\/#organization"},"image":{"@id":"https:\/\/protea.pl\/pl\/informacja-o-smierci-p-tomasza-paszkiewicza\/#primaryimage"},"thumbnailUrl":"https:\/\/protea.pl\/wp-content\/uploads\/2022\/08\/krzyz.jpg","articleSection":["News"],"inLanguage":"pl-PL"},{"@type":"WebPage","@id":"https:\/\/protea.pl\/pl\/informacja-o-smierci-p-tomasza-paszkiewicza\/","url":"https:\/\/protea.pl\/pl\/informacja-o-smierci-p-tomasza-paszkiewicza\/","name":"Informacja o \u015bmierci p. Tomasza Paszkiewicza - Protea","isPartOf":{"@id":"https:\/\/protea.pl\/#website"},"primaryImageOfPage":{"@id":"https:\/\/protea.pl\/pl\/informacja-o-smierci-p-tomasza-paszkiewicza\/#primaryimage"},"image":{"@id":"https:\/\/protea.pl\/pl\/informacja-o-smierci-p-tomasza-paszkiewicza\/#primaryimage"},"thumbnailUrl":"https:\/\/protea.pl\/wp-content\/uploads\/2022\/08\/krzyz.jpg","datePublished":"2022-08-22T12:05:54+00:00","dateModified":"2026-02-23T19:35:30+00:00","breadcrumb":{"@id":"https:\/\/protea.pl\/pl\/informacja-o-smierci-p-tomasza-paszkiewicza\/#breadcrumb"},"inLanguage":"pl-PL","potentialAction":[{"@type":"ReadAction","target":["https:\/\/protea.pl\/pl\/informacja-o-smierci-p-tomasza-paszkiewicza\/"]}]},{"@type":"ImageObject","inLanguage":"pl-PL","@id":"https:\/\/protea.pl\/pl\/informacja-o-smierci-p-tomasza-paszkiewicza\/#primaryimage","url":"https:\/\/protea.pl\/wp-content\/uploads\/2022\/08\/krzyz.jpg","contentUrl":"https:\/\/protea.pl\/wp-content\/uploads\/2022\/08\/krzyz.jpg","width":388,"height":292},{"@type":"BreadcrumbList","@id":"https:\/\/protea.pl\/pl\/informacja-o-smierci-p-tomasza-paszkiewicza\/#breadcrumb","itemListElement":[{"@type":"ListItem","position":1,"name":"Home","item":"https:\/\/protea.pl\/pl\/"},{"@type":"ListItem","position":2,"name":"Informacja o \u015bmierci p. Tomasza Paszkiewicza"}]},{"@type":"WebSite","@id":"https:\/\/protea.pl\/#website","url":"https:\/\/protea.pl\/","name":"Protea","description":"","publisher":{"@id":"https:\/\/protea.pl\/#organization"},"potentialAction":[{"@type":"SearchAction","target":{"@type":"EntryPoint","urlTemplate":"https:\/\/protea.pl\/?s={search_term_string}"},"query-input":{"@type":"PropertyValueSpecification","valueRequired":true,"valueName":"search_term_string"}}],"inLanguage":"pl-PL"},{"@type":"Organization","@id":"https:\/\/protea.pl\/#organization","name":"Protea","url":"https:\/\/protea.pl\/","logo":{"@type":"ImageObject","inLanguage":"pl-PL","@id":"https:\/\/protea.pl\/#\/schema\/logo\/image\/","url":"https:\/\/protea.pl\/wp-content\/uploads\/2025\/07\/cropped-logo.png","contentUrl":"https:\/\/protea.pl\/wp-content\/uploads\/2025\/07\/cropped-logo.png","width":569,"height":250,"caption":"Protea"},"image":{"@id":"https:\/\/protea.pl\/#\/schema\/logo\/image\/"}},{"@type":"Person","@id":"https:\/\/protea.pl\/#\/schema\/person\/c1b5903755680e5bfc5b1ed1b3f5c276","name":"brantt","image":{"@type":"ImageObject","inLanguage":"pl-PL","@id":"https:\/\/secure.gravatar.com\/avatar\/da654031c73766a2b6ca4bb434849be2a9bd9d1214ec9f15918e59b5f94e1a68?s=96&d=mm&r=g","url":"https:\/\/secure.gravatar.com\/avatar\/da654031c73766a2b6ca4bb434849be2a9bd9d1214ec9f15918e59b5f94e1a68?s=96&d=mm&r=g","contentUrl":"https:\/\/secure.gravatar.com\/avatar\/da654031c73766a2b6ca4bb434849be2a9bd9d1214ec9f15918e59b5f94e1a68?s=96&d=mm&r=g","caption":"brantt"},"sameAs":["https:\/\/protea.pl"],"url":"https:\/\/protea.pl\/pl\/author\/admin\/"}]}},"acf":[],"post_thumbnail":{"src":"https:\/\/protea.pl\/wp-content\/uploads\/2022\/08\/krzyz.jpg","width":388,"height":292,"caption":""},"posts_block_image":null,"posts_block_mobile_image":null,"featured_image":{"src":"https:\/\/protea.pl\/wp-content\/uploads\/2022\/08\/krzyz.jpg?t=1769883121","width":388,"height":292,"caption":""},"author_info":{"display_name":"brantt","author_link":"https:\/\/protea.pl\/pl\/author\/admin\/","avatar":"<img alt=\"\" src=\"https:\/\/protea.pl\/wp-content\/uploads\/2025\/08\/Rectangle-58@2x.jpg\" class=\"avatar avatar-48 photo\" height=\"48\" width=\"48\" \/>"},"post_categories":[{"category_link":"https:\/\/protea.pl\/category\/news\/","category_name":"News"}],"time_reading":"","_links":{"self":[{"href":"https:\/\/protea.pl\/pl\/wp-json\/wp\/v2\/posts\/3309","targetHints":{"allow":["GET"]}}],"collection":[{"href":"https:\/\/protea.pl\/pl\/wp-json\/wp\/v2\/posts"}],"about":[{"href":"https:\/\/protea.pl\/pl\/wp-json\/wp\/v2\/types\/post"}],"author":[{"embeddable":true,"href":"https:\/\/protea.pl\/pl\/wp-json\/wp\/v2\/users\/1"}],"replies":[{"embeddable":true,"href":"https:\/\/protea.pl\/pl\/wp-json\/wp\/v2\/comments?post=3309"}],"version-history":[{"count":1,"href":"https:\/\/protea.pl\/pl\/wp-json\/wp\/v2\/posts\/3309\/revisions"}],"predecessor-version":[{"id":4195,"href":"https:\/\/protea.pl\/pl\/wp-json\/wp\/v2\/posts\/3309\/revisions\/4195"}],"wp:featuredmedia":[{"embeddable":true,"href":"https:\/\/protea.pl\/pl\/wp-json\/wp\/v2\/media\/3310"}],"wp:attachment":[{"href":"https:\/\/protea.pl\/pl\/wp-json\/wp\/v2\/media?parent=3309"}],"wp:term":[{"taxonomy":"category","embeddable":true,"href":"https:\/\/protea.pl\/pl\/wp-json\/wp\/v2\/categories?post=3309"},{"taxonomy":"post_tag","embeddable":true,"href":"https:\/\/protea.pl\/pl\/wp-json\/wp\/v2\/tags?post=3309"}],"curies":[{"name":"wp","href":"https:\/\/api.w.org\/{rel}","templated":true}]}}