{"id":4026,"date":"2026-02-16T13:25:37","date_gmt":"2026-02-16T12:25:37","guid":{"rendered":"https:\/\/protea.pl\/?p=4026"},"modified":"2026-02-25T10:09:00","modified_gmt":"2026-02-25T09:09:00","slug":"wizyta-przedstawicieli-powiatu-kluczborskiego-w-protea-rozmowy-o-wspolpracy-przy-branzowym-centrum-umiejetnosci","status":"publish","type":"post","link":"https:\/\/protea.pl\/pl\/wizyta-przedstawicieli-powiatu-kluczborskiego-w-protea-rozmowy-o-wspolpracy-przy-branzowym-centrum-umiejetnosci\/","title":{"rendered":"Wizyta przedstawicieli Powiatu Kluczborskiego w PROTEA"},"content":{"rendered":"\n<p>W naszej firmie odby\u0142o si\u0119 spotkanie po\u015bwi\u0119cone mo\u017cliwo\u015bciom wsp\u00f3\u0142pracy w ramach tworzonego Bran\u017cowego Centrum Umiej\u0119tno\u015bci (BCU).<\/p>\n\n\n\n<p>W spotkaniu uczestniczyli Starosta Kluczborski Miros\u0142aw Birecki oraz Joanna Neugebauer, Naczelnik Wydzia\u0142u Edukacji i Sportu. Rozmowy dotyczy\u0142y przede wszystkim dopasowania oferty szkoleniowej BCU do realnych potrzeb lokalnych przedsi\u0119biorstw oraz znaczenia wsp\u00f3\u0142pracy biznesu z sektorem edukacji zawodowej.<\/p>\n\n\n\n<p>Podczas wizyty zaprezentowali\u015bmy dzia\u0142alno\u015b\u0107 naszej firmy, kt\u00f3rej 25-letnie do\u015bwiadczenie obejmuje projektowanie i produkcj\u0119 specjalistycznych urz\u0105dze\u0144 d\u017awignicowych, \u017curawi oraz system\u00f3w transportu wykorzystywanych m.in. w sektorze energetyki odnawialnej, offshore, przemy\u015ble ci\u0119\u017ckim oraz bran\u017cy morskiej. Przedstawili\u015bmy r\u00f3wnie\u017c nasze mo\u017cliwo\u015bci realizacji zaawansowanych projekt\u00f3w in\u017cynierskich, obejmuj\u0105cych projektowanie, produkcj\u0119 oraz testy prowadzone w jednym miejscu.<\/p>\n\n\n\n<p>Spotkanie by\u0142o dla nas okazj\u0105 do wymiany do\u015bwiadcze\u0144 oraz rozm\u00f3w o tym, jak poprzez wsp\u00f3\u0142prac\u0119 przedsi\u0119biorstw z instytucjami edukacyjnymi rozwija\u0107 praktyczne kszta\u0142cenie zawodowe. Wsp\u00f3lnym celem jest budowanie kompetencji odpowiadaj\u0105cych aktualnym potrzebom rynku pracy oraz wspieranie rozwoju lokalnej gospodarki.<\/p>\n\n\n\n<p>Jako PROTEA aktywnie anga\u017cujemy si\u0119 w inicjatywy wspieraj\u0105ce rozw\u00f3j kompetencji technicznych oraz wsp\u00f3\u0142prac\u0119 pomi\u0119dzy biznesem a edukacj\u0105, widz\u0105c w nich istotny element budowania przysz\u0142ych kadr dla przemys\u0142u.<\/p>\n","protected":false},"excerpt":{"rendered":"<p>W naszej firmie odby\u0142o si\u0119 spotkanie po\u015bwi\u0119cone mo\u017cliwo\u015bciom wsp\u00f3\u0142pracy w ramach tworzonego Bran\u017cowego Centrum Umiej\u0119tno\u015bci (BCU). W spotkaniu uczestniczyli Starosta Kluczborski Miros\u0142aw Birecki oraz Joanna Neugebauer, Naczelnik Wydzia\u0142u Edukacji i Sportu. Rozmowy dotyczy\u0142y przede wszystkim dopasowania oferty szkoleniowej BCU do realnych potrzeb lokalnych przedsi\u0119biorstw [&#8230;]<\/p>\n","protected":false},"author":3,"featured_media":4234,"comment_status":"closed","ping_status":"open","sticky":false,"template":"","format":"standard","meta":{"_acf_changed":false,"protea_body_class":"","footnotes":""},"categories":[1],"tags":[],"class_list":["post-4026","post","type-post","status-publish","format-standard","has-post-thumbnail","hentry","category-news"],"yoast_head":"<!-- This site is optimized with the Yoast SEO plugin v27.4 - https:\/\/yoast.com\/product\/yoast-seo-wordpress\/ -->\n<title>Wizyta przedstawicieli Powiatu Kluczborskiego w PROTEA - Protea<\/title>\n<meta name=\"robots\" content=\"index, follow, max-snippet:-1, max-image-preview:large, max-video-preview:-1\" \/>\n<link rel=\"canonical\" href=\"https:\/\/protea.pl\/pl\/wizyta-przedstawicieli-powiatu-kluczborskiego-w-protea-rozmowy-o-wspolpracy-przy-branzowym-centrum-umiejetnosci\/\" \/>\n<meta property=\"og:locale\" content=\"pl_PL\" \/>\n<meta property=\"og:type\" content=\"article\" \/>\n<meta property=\"og:title\" content=\"Wizyta przedstawicieli Powiatu Kluczborskiego w PROTEA - Protea\" \/>\n<meta property=\"og:description\" content=\"W naszej firmie odby\u0142o si\u0119 spotkanie po\u015bwi\u0119cone mo\u017cliwo\u015bciom wsp\u00f3\u0142pracy w ramach tworzonego Bran\u017cowego Centrum Umiej\u0119tno\u015bci (BCU). W spotkaniu uczestniczyli Starosta Kluczborski Miros\u0142aw Birecki oraz Joanna Neugebauer, Naczelnik Wydzia\u0142u Edukacji i Sportu. Rozmowy dotyczy\u0142y przede wszystkim dopasowania oferty szkoleniowej BCU do realnych potrzeb lokalnych przedsi\u0119biorstw [...]\" \/>\n<meta property=\"og:url\" content=\"https:\/\/protea.pl\/pl\/wizyta-przedstawicieli-powiatu-kluczborskiego-w-protea-rozmowy-o-wspolpracy-przy-branzowym-centrum-umiejetnosci\/\" \/>\n<meta property=\"og:site_name\" content=\"Protea\" \/>\n<meta property=\"article:published_time\" content=\"2026-02-16T12:25:37+00:00\" \/>\n<meta property=\"article:modified_time\" content=\"2026-02-25T09:09:00+00:00\" \/>\n<meta property=\"og:image\" content=\"https:\/\/protea.pl\/wp-content\/uploads\/2026\/02\/629279441_1363545165814103_8560516322448660076_n-1-e1772010528645.jpg\" \/>\n\t<meta property=\"og:image:width\" content=\"2048\" \/>\n\t<meta property=\"og:image:height\" content=\"910\" \/>\n\t<meta property=\"og:image:type\" content=\"image\/jpeg\" \/>\n<meta name=\"author\" content=\"Anna Majchrzak\" \/>\n<meta name=\"twitter:card\" content=\"summary_large_image\" \/>\n<meta name=\"twitter:label1\" content=\"Napisane przez\" \/>\n\t<meta name=\"twitter:data1\" content=\"Anna Majchrzak\" \/>\n\t<meta name=\"twitter:label2\" content=\"Szacowany czas czytania\" \/>\n\t<meta name=\"twitter:data2\" content=\"1 minuta\" \/>\n<script type=\"application\/ld+json\" class=\"yoast-schema-graph\">{\"@context\":\"https:\\\/\\\/schema.org\",\"@graph\":[{\"@type\":\"Article\",\"@id\":\"https:\\\/\\\/protea.pl\\\/pl\\\/wizyta-przedstawicieli-powiatu-kluczborskiego-w-protea-rozmowy-o-wspolpracy-przy-branzowym-centrum-umiejetnosci\\\/#article\",\"isPartOf\":{\"@id\":\"https:\\\/\\\/protea.pl\\\/pl\\\/wizyta-przedstawicieli-powiatu-kluczborskiego-w-protea-rozmowy-o-wspolpracy-przy-branzowym-centrum-umiejetnosci\\\/\"},\"author\":{\"name\":\"Anna Majchrzak\",\"@id\":\"https:\\\/\\\/protea.pl\\\/#\\\/schema\\\/person\\\/3ed7874e80bd7e433748c84d7ac42657\"},\"headline\":\"Wizyta przedstawicieli Powiatu Kluczborskiego w PROTEA\",\"datePublished\":\"2026-02-16T12:25:37+00:00\",\"dateModified\":\"2026-02-25T09:09:00+00:00\",\"mainEntityOfPage\":{\"@id\":\"https:\\\/\\\/protea.pl\\\/pl\\\/wizyta-przedstawicieli-powiatu-kluczborskiego-w-protea-rozmowy-o-wspolpracy-przy-branzowym-centrum-umiejetnosci\\\/\"},\"wordCount\":220,\"publisher\":{\"@id\":\"https:\\\/\\\/protea.pl\\\/#organization\"},\"image\":{\"@id\":\"https:\\\/\\\/protea.pl\\\/pl\\\/wizyta-przedstawicieli-powiatu-kluczborskiego-w-protea-rozmowy-o-wspolpracy-przy-branzowym-centrum-umiejetnosci\\\/#primaryimage\"},\"thumbnailUrl\":\"https:\\\/\\\/protea.pl\\\/wp-content\\\/uploads\\\/2026\\\/02\\\/629279441_1363545165814103_8560516322448660076_n-1-e1772010528645.jpg\",\"articleSection\":[\"News\"],\"inLanguage\":\"pl-PL\"},{\"@type\":\"WebPage\",\"@id\":\"https:\\\/\\\/protea.pl\\\/pl\\\/wizyta-przedstawicieli-powiatu-kluczborskiego-w-protea-rozmowy-o-wspolpracy-przy-branzowym-centrum-umiejetnosci\\\/\",\"url\":\"https:\\\/\\\/protea.pl\\\/pl\\\/wizyta-przedstawicieli-powiatu-kluczborskiego-w-protea-rozmowy-o-wspolpracy-przy-branzowym-centrum-umiejetnosci\\\/\",\"name\":\"Wizyta przedstawicieli Powiatu Kluczborskiego w PROTEA - Protea\",\"isPartOf\":{\"@id\":\"https:\\\/\\\/protea.pl\\\/#website\"},\"primaryImageOfPage\":{\"@id\":\"https:\\\/\\\/protea.pl\\\/pl\\\/wizyta-przedstawicieli-powiatu-kluczborskiego-w-protea-rozmowy-o-wspolpracy-przy-branzowym-centrum-umiejetnosci\\\/#primaryimage\"},\"image\":{\"@id\":\"https:\\\/\\\/protea.pl\\\/pl\\\/wizyta-przedstawicieli-powiatu-kluczborskiego-w-protea-rozmowy-o-wspolpracy-przy-branzowym-centrum-umiejetnosci\\\/#primaryimage\"},\"thumbnailUrl\":\"https:\\\/\\\/protea.pl\\\/wp-content\\\/uploads\\\/2026\\\/02\\\/629279441_1363545165814103_8560516322448660076_n-1-e1772010528645.jpg\",\"datePublished\":\"2026-02-16T12:25:37+00:00\",\"dateModified\":\"2026-02-25T09:09:00+00:00\",\"breadcrumb\":{\"@id\":\"https:\\\/\\\/protea.pl\\\/pl\\\/wizyta-przedstawicieli-powiatu-kluczborskiego-w-protea-rozmowy-o-wspolpracy-przy-branzowym-centrum-umiejetnosci\\\/#breadcrumb\"},\"inLanguage\":\"pl-PL\",\"potentialAction\":[{\"@type\":\"ReadAction\",\"target\":[\"https:\\\/\\\/protea.pl\\\/pl\\\/wizyta-przedstawicieli-powiatu-kluczborskiego-w-protea-rozmowy-o-wspolpracy-przy-branzowym-centrum-umiejetnosci\\\/\"]}]},{\"@type\":\"ImageObject\",\"inLanguage\":\"pl-PL\",\"@id\":\"https:\\\/\\\/protea.pl\\\/pl\\\/wizyta-przedstawicieli-powiatu-kluczborskiego-w-protea-rozmowy-o-wspolpracy-przy-branzowym-centrum-umiejetnosci\\\/#primaryimage\",\"url\":\"https:\\\/\\\/protea.pl\\\/wp-content\\\/uploads\\\/2026\\\/02\\\/629279441_1363545165814103_8560516322448660076_n-1-e1772010528645.jpg\",\"contentUrl\":\"https:\\\/\\\/protea.pl\\\/wp-content\\\/uploads\\\/2026\\\/02\\\/629279441_1363545165814103_8560516322448660076_n-1-e1772010528645.jpg\",\"width\":2048,\"height\":910},{\"@type\":\"BreadcrumbList\",\"@id\":\"https:\\\/\\\/protea.pl\\\/pl\\\/wizyta-przedstawicieli-powiatu-kluczborskiego-w-protea-rozmowy-o-wspolpracy-przy-branzowym-centrum-umiejetnosci\\\/#breadcrumb\",\"itemListElement\":[{\"@type\":\"ListItem\",\"position\":1,\"name\":\"Home\",\"item\":\"https:\\\/\\\/protea.pl\\\/pl\\\/\"},{\"@type\":\"ListItem\",\"position\":2,\"name\":\"Wizyta przedstawicieli Powiatu Kluczborskiego w PROTEA\"}]},{\"@type\":\"WebSite\",\"@id\":\"https:\\\/\\\/protea.pl\\\/#website\",\"url\":\"https:\\\/\\\/protea.pl\\\/\",\"name\":\"Protea\",\"description\":\"\",\"publisher\":{\"@id\":\"https:\\\/\\\/protea.pl\\\/#organization\"},\"potentialAction\":[{\"@type\":\"SearchAction\",\"target\":{\"@type\":\"EntryPoint\",\"urlTemplate\":\"https:\\\/\\\/protea.pl\\\/?s={search_term_string}\"},\"query-input\":{\"@type\":\"PropertyValueSpecification\",\"valueRequired\":true,\"valueName\":\"search_term_string\"}}],\"inLanguage\":\"pl-PL\"},{\"@type\":\"Organization\",\"@id\":\"https:\\\/\\\/protea.pl\\\/#organization\",\"name\":\"Protea\",\"url\":\"https:\\\/\\\/protea.pl\\\/\",\"logo\":{\"@type\":\"ImageObject\",\"inLanguage\":\"pl-PL\",\"@id\":\"https:\\\/\\\/protea.pl\\\/#\\\/schema\\\/logo\\\/image\\\/\",\"url\":\"https:\\\/\\\/protea.pl\\\/wp-content\\\/uploads\\\/2025\\\/07\\\/cropped-logo.png\",\"contentUrl\":\"https:\\\/\\\/protea.pl\\\/wp-content\\\/uploads\\\/2025\\\/07\\\/cropped-logo.png\",\"width\":569,\"height\":250,\"caption\":\"Protea\"},\"image\":{\"@id\":\"https:\\\/\\\/protea.pl\\\/#\\\/schema\\\/logo\\\/image\\\/\"}},{\"@type\":\"Person\",\"@id\":\"https:\\\/\\\/protea.pl\\\/#\\\/schema\\\/person\\\/3ed7874e80bd7e433748c84d7ac42657\",\"name\":\"Anna Majchrzak\",\"image\":{\"@type\":\"ImageObject\",\"inLanguage\":\"pl-PL\",\"@id\":\"https:\\\/\\\/secure.gravatar.com\\\/avatar\\\/77e60563633851179bc6b40a95456077810fa69d46670070d46b5d92e4e1a5af?s=96&d=mm&r=g\",\"url\":\"https:\\\/\\\/secure.gravatar.com\\\/avatar\\\/77e60563633851179bc6b40a95456077810fa69d46670070d46b5d92e4e1a5af?s=96&d=mm&r=g\",\"contentUrl\":\"https:\\\/\\\/secure.gravatar.com\\\/avatar\\\/77e60563633851179bc6b40a95456077810fa69d46670070d46b5d92e4e1a5af?s=96&d=mm&r=g\",\"caption\":\"Anna Majchrzak\"},\"url\":\"https:\\\/\\\/protea.pl\\\/pl\\\/author\\\/anna-majchrzak\\\/\"}]}<\/script>\n<!-- \/ Yoast SEO plugin. -->","yoast_head_json":{"title":"Wizyta przedstawicieli Powiatu Kluczborskiego w PROTEA - Protea","robots":{"index":"index","follow":"follow","max-snippet":"max-snippet:-1","max-image-preview":"max-image-preview:large","max-video-preview":"max-video-preview:-1"},"canonical":"https:\/\/protea.pl\/pl\/wizyta-przedstawicieli-powiatu-kluczborskiego-w-protea-rozmowy-o-wspolpracy-przy-branzowym-centrum-umiejetnosci\/","og_locale":"pl_PL","og_type":"article","og_title":"Wizyta przedstawicieli Powiatu Kluczborskiego w PROTEA - Protea","og_description":"W naszej firmie odby\u0142o si\u0119 spotkanie po\u015bwi\u0119cone mo\u017cliwo\u015bciom wsp\u00f3\u0142pracy w ramach tworzonego Bran\u017cowego Centrum Umiej\u0119tno\u015bci (BCU). W spotkaniu uczestniczyli Starosta Kluczborski Miros\u0142aw Birecki oraz Joanna Neugebauer, Naczelnik Wydzia\u0142u Edukacji i Sportu. Rozmowy dotyczy\u0142y przede wszystkim dopasowania oferty szkoleniowej BCU do realnych potrzeb lokalnych przedsi\u0119biorstw [...]","og_url":"https:\/\/protea.pl\/pl\/wizyta-przedstawicieli-powiatu-kluczborskiego-w-protea-rozmowy-o-wspolpracy-przy-branzowym-centrum-umiejetnosci\/","og_site_name":"Protea","article_published_time":"2026-02-16T12:25:37+00:00","article_modified_time":"2026-02-25T09:09:00+00:00","og_image":[{"width":2048,"height":910,"url":"https:\/\/protea.pl\/wp-content\/uploads\/2026\/02\/629279441_1363545165814103_8560516322448660076_n-1-e1772010528645.jpg","type":"image\/jpeg"}],"author":"Anna Majchrzak","twitter_card":"summary_large_image","twitter_misc":{"Napisane przez":"Anna Majchrzak","Szacowany czas czytania":"1 minuta"},"schema":{"@context":"https:\/\/schema.org","@graph":[{"@type":"Article","@id":"https:\/\/protea.pl\/pl\/wizyta-przedstawicieli-powiatu-kluczborskiego-w-protea-rozmowy-o-wspolpracy-przy-branzowym-centrum-umiejetnosci\/#article","isPartOf":{"@id":"https:\/\/protea.pl\/pl\/wizyta-przedstawicieli-powiatu-kluczborskiego-w-protea-rozmowy-o-wspolpracy-przy-branzowym-centrum-umiejetnosci\/"},"author":{"name":"Anna Majchrzak","@id":"https:\/\/protea.pl\/#\/schema\/person\/3ed7874e80bd7e433748c84d7ac42657"},"headline":"Wizyta przedstawicieli Powiatu Kluczborskiego w PROTEA","datePublished":"2026-02-16T12:25:37+00:00","dateModified":"2026-02-25T09:09:00+00:00","mainEntityOfPage":{"@id":"https:\/\/protea.pl\/pl\/wizyta-przedstawicieli-powiatu-kluczborskiego-w-protea-rozmowy-o-wspolpracy-przy-branzowym-centrum-umiejetnosci\/"},"wordCount":220,"publisher":{"@id":"https:\/\/protea.pl\/#organization"},"image":{"@id":"https:\/\/protea.pl\/pl\/wizyta-przedstawicieli-powiatu-kluczborskiego-w-protea-rozmowy-o-wspolpracy-przy-branzowym-centrum-umiejetnosci\/#primaryimage"},"thumbnailUrl":"https:\/\/protea.pl\/wp-content\/uploads\/2026\/02\/629279441_1363545165814103_8560516322448660076_n-1-e1772010528645.jpg","articleSection":["News"],"inLanguage":"pl-PL"},{"@type":"WebPage","@id":"https:\/\/protea.pl\/pl\/wizyta-przedstawicieli-powiatu-kluczborskiego-w-protea-rozmowy-o-wspolpracy-przy-branzowym-centrum-umiejetnosci\/","url":"https:\/\/protea.pl\/pl\/wizyta-przedstawicieli-powiatu-kluczborskiego-w-protea-rozmowy-o-wspolpracy-przy-branzowym-centrum-umiejetnosci\/","name":"Wizyta przedstawicieli Powiatu Kluczborskiego w PROTEA - Protea","isPartOf":{"@id":"https:\/\/protea.pl\/#website"},"primaryImageOfPage":{"@id":"https:\/\/protea.pl\/pl\/wizyta-przedstawicieli-powiatu-kluczborskiego-w-protea-rozmowy-o-wspolpracy-przy-branzowym-centrum-umiejetnosci\/#primaryimage"},"image":{"@id":"https:\/\/protea.pl\/pl\/wizyta-przedstawicieli-powiatu-kluczborskiego-w-protea-rozmowy-o-wspolpracy-przy-branzowym-centrum-umiejetnosci\/#primaryimage"},"thumbnailUrl":"https:\/\/protea.pl\/wp-content\/uploads\/2026\/02\/629279441_1363545165814103_8560516322448660076_n-1-e1772010528645.jpg","datePublished":"2026-02-16T12:25:37+00:00","dateModified":"2026-02-25T09:09:00+00:00","breadcrumb":{"@id":"https:\/\/protea.pl\/pl\/wizyta-przedstawicieli-powiatu-kluczborskiego-w-protea-rozmowy-o-wspolpracy-przy-branzowym-centrum-umiejetnosci\/#breadcrumb"},"inLanguage":"pl-PL","potentialAction":[{"@type":"ReadAction","target":["https:\/\/protea.pl\/pl\/wizyta-przedstawicieli-powiatu-kluczborskiego-w-protea-rozmowy-o-wspolpracy-przy-branzowym-centrum-umiejetnosci\/"]}]},{"@type":"ImageObject","inLanguage":"pl-PL","@id":"https:\/\/protea.pl\/pl\/wizyta-przedstawicieli-powiatu-kluczborskiego-w-protea-rozmowy-o-wspolpracy-przy-branzowym-centrum-umiejetnosci\/#primaryimage","url":"https:\/\/protea.pl\/wp-content\/uploads\/2026\/02\/629279441_1363545165814103_8560516322448660076_n-1-e1772010528645.jpg","contentUrl":"https:\/\/protea.pl\/wp-content\/uploads\/2026\/02\/629279441_1363545165814103_8560516322448660076_n-1-e1772010528645.jpg","width":2048,"height":910},{"@type":"BreadcrumbList","@id":"https:\/\/protea.pl\/pl\/wizyta-przedstawicieli-powiatu-kluczborskiego-w-protea-rozmowy-o-wspolpracy-przy-branzowym-centrum-umiejetnosci\/#breadcrumb","itemListElement":[{"@type":"ListItem","position":1,"name":"Home","item":"https:\/\/protea.pl\/pl\/"},{"@type":"ListItem","position":2,"name":"Wizyta przedstawicieli Powiatu Kluczborskiego w PROTEA"}]},{"@type":"WebSite","@id":"https:\/\/protea.pl\/#website","url":"https:\/\/protea.pl\/","name":"Protea","description":"","publisher":{"@id":"https:\/\/protea.pl\/#organization"},"potentialAction":[{"@type":"SearchAction","target":{"@type":"EntryPoint","urlTemplate":"https:\/\/protea.pl\/?s={search_term_string}"},"query-input":{"@type":"PropertyValueSpecification","valueRequired":true,"valueName":"search_term_string"}}],"inLanguage":"pl-PL"},{"@type":"Organization","@id":"https:\/\/protea.pl\/#organization","name":"Protea","url":"https:\/\/protea.pl\/","logo":{"@type":"ImageObject","inLanguage":"pl-PL","@id":"https:\/\/protea.pl\/#\/schema\/logo\/image\/","url":"https:\/\/protea.pl\/wp-content\/uploads\/2025\/07\/cropped-logo.png","contentUrl":"https:\/\/protea.pl\/wp-content\/uploads\/2025\/07\/cropped-logo.png","width":569,"height":250,"caption":"Protea"},"image":{"@id":"https:\/\/protea.pl\/#\/schema\/logo\/image\/"}},{"@type":"Person","@id":"https:\/\/protea.pl\/#\/schema\/person\/3ed7874e80bd7e433748c84d7ac42657","name":"Anna Majchrzak","image":{"@type":"ImageObject","inLanguage":"pl-PL","@id":"https:\/\/secure.gravatar.com\/avatar\/77e60563633851179bc6b40a95456077810fa69d46670070d46b5d92e4e1a5af?s=96&d=mm&r=g","url":"https:\/\/secure.gravatar.com\/avatar\/77e60563633851179bc6b40a95456077810fa69d46670070d46b5d92e4e1a5af?s=96&d=mm&r=g","contentUrl":"https:\/\/secure.gravatar.com\/avatar\/77e60563633851179bc6b40a95456077810fa69d46670070d46b5d92e4e1a5af?s=96&d=mm&r=g","caption":"Anna Majchrzak"},"url":"https:\/\/protea.pl\/pl\/author\/anna-majchrzak\/"}]}},"acf":[],"post_thumbnail":{"src":"https:\/\/protea.pl\/wp-content\/uploads\/2026\/02\/629279441_1363545165814103_8560516322448660076_n-1-e1772010528645.jpg","width":512,"height":228,"caption":""},"posts_block_image":null,"posts_block_mobile_image":null,"featured_image":{"src":"https:\/\/protea.pl\/wp-content\/uploads\/2026\/02\/629279441_1363545165814103_8560516322448660076_n-1-e1772010528645-512x228.jpg?t=1772010507","width":512,"height":228,"caption":""},"author_info":{"display_name":"Anna Majchrzak","author_link":"https:\/\/protea.pl\/pl\/author\/anna-majchrzak\/","avatar":"<img alt='' src='https:\/\/secure.gravatar.com\/avatar\/77e60563633851179bc6b40a95456077810fa69d46670070d46b5d92e4e1a5af?s=48&#038;d=mm&#038;r=g' srcset='https:\/\/secure.gravatar.com\/avatar\/77e60563633851179bc6b40a95456077810fa69d46670070d46b5d92e4e1a5af?s=96&#038;d=mm&#038;r=g 2x' class='avatar avatar-48 photo' height='48' width='48' loading='lazy' decoding='async'\/>"},"post_categories":[{"category_link":"https:\/\/protea.pl\/category\/news\/","category_name":"News"}],"time_reading":"","_links":{"self":[{"href":"https:\/\/protea.pl\/pl\/wp-json\/wp\/v2\/posts\/4026","targetHints":{"allow":["GET"]}}],"collection":[{"href":"https:\/\/protea.pl\/pl\/wp-json\/wp\/v2\/posts"}],"about":[{"href":"https:\/\/protea.pl\/pl\/wp-json\/wp\/v2\/types\/post"}],"author":[{"embeddable":true,"href":"https:\/\/protea.pl\/pl\/wp-json\/wp\/v2\/users\/3"}],"replies":[{"embeddable":true,"href":"https:\/\/protea.pl\/pl\/wp-json\/wp\/v2\/comments?post=4026"}],"version-history":[{"count":4,"href":"https:\/\/protea.pl\/pl\/wp-json\/wp\/v2\/posts\/4026\/revisions"}],"predecessor-version":[{"id":4227,"href":"https:\/\/protea.pl\/pl\/wp-json\/wp\/v2\/posts\/4026\/revisions\/4227"}],"wp:featuredmedia":[{"embeddable":true,"href":"https:\/\/protea.pl\/pl\/wp-json\/wp\/v2\/media\/4234"}],"wp:attachment":[{"href":"https:\/\/protea.pl\/pl\/wp-json\/wp\/v2\/media?parent=4026"}],"wp:term":[{"taxonomy":"category","embeddable":true,"href":"https:\/\/protea.pl\/pl\/wp-json\/wp\/v2\/categories?post=4026"},{"taxonomy":"post_tag","embeddable":true,"href":"https:\/\/protea.pl\/pl\/wp-json\/wp\/v2\/tags?post=4026"}],"curies":[{"name":"wp","href":"https:\/\/api.w.org\/{rel}","templated":true}]}}