{"id":4230,"date":"2026-02-24T15:39:36","date_gmt":"2026-02-24T14:39:36","guid":{"rendered":"https:\/\/protea.pl\/?p=4230"},"modified":"2026-02-25T10:02:47","modified_gmt":"2026-02-25T09:02:47","slug":"protea-dla-transformacji-energetycznej-polski","status":"publish","type":"post","link":"https:\/\/protea.pl\/pl\/protea-dla-transformacji-energetycznej-polski\/","title":{"rendered":"Protea dla transformacji energetycznej Polski"},"content":{"rendered":"\n<p><strong>Polski wk\u0142ad w rozw\u00f3j morskiej energetyki wiatrowej<\/strong><\/p>\n\n\n\n<p>Firma Protea z sukcesem zaprojektowa\u0142a i wyprodukowa\u0142a cztery morskie \u017curawie typu RAM luffing przeznaczone dla projektu farmy wiatrowej Baltica 2. Urz\u0105dzenia zosta\u0142y dostarczone do naszego partnera \u2014 firmy PTSC Mechanical &amp; Construction, gdzie zostan\u0105 zintegrowane z infrastruktur\u0105 platformy Baltica 2.<\/p>\n\n\n\n<p>\u017burawie, ka\u017cdy o ud\u017awigu 5 ton i wysi\u0119gu 22 metr\u00f3w, zosta\u0142y zaprojektowane z my\u015bl\u0105 o niezawodnej pracy w wymagaj\u0105cych warunkach offshore i \u015brodowisku morskim. Dzi\u0119ki naciskowi na efektywno\u015b\u0107 oraz trwa\u0142o\u015b\u0107 b\u0119d\u0105 wspiera\u0107 operacje prze\u0142adunkowe pomi\u0119dzy statkami serwisowymi a platform\u0105 offshore, a tak\u017ce codzienne dzia\u0142ania operacyjne prowadzone na morzu.<\/p>\n\n\n\n<p>Projekt Baltica 2, rozwijany przez \u00d8rsted oraz PGE Polska Grupa Energetyczna, to morska farma wiatrowa o mocy 1,5 GW, zlokalizowana oko\u0142o 40 km od polskiego wybrze\u017ca w rejonie Ustki. Po uruchomieniu, planowanym na 2027 rok, farma b\u0119dzie w stanie dostarcza\u0107 czyst\u0105 energi\u0119 elektryczn\u0105 dla niemal 2,5 miliona gospodarstw domowych, stanowi\u0105c istotny krok w transformacji Polski w kierunku odnawialnych \u017ar\u00f3de\u0142 energii.<\/p>\n\n\n\n<p>Jako polska firma in\u017cynieryjna jeste\u015bmy dumni, \u017ce mo\u017cemy uczestniczy\u0107 w projekcie o znaczeniu krajowym oraz wspiera\u0107 dynamiczny rozw\u00f3j sektora morskiej energetyki wiatrowej na Morzu Ba\u0142tyckim. Udzia\u0142 w projekcie Baltica 2 potwierdza dalszy rozw\u00f3j Protea w obszarze odnawialnych \u017ar\u00f3de\u0142 energii oraz nasze zaanga\u017cowanie w dostarczanie niezawodnych rozwi\u0105za\u0144 d\u017awigowych dla bran\u017cy offshore na ca\u0142ym \u015bwiecie.<\/p>\n\n\n\n<iframe loading=\"lazy\" title=\"PROTEA for Baltica2 Project\" width=\"1280\" height=\"720\" src=\"https:\/\/www.youtube.com\/embed\/fDryNp3xxdg?feature=oembed\" frameborder=\"0\" allow=\"accelerometer; autoplay; clipboard-write; encrypted-media; gyroscope; picture-in-picture; web-share\" referrerpolicy=\"strict-origin-when-cross-origin\" allowfullscreen><\/iframe>\n","protected":false},"excerpt":{"rendered":"<p>Polski wk\u0142ad w rozw\u00f3j morskiej energetyki wiatrowej. Protea z sukcesem zaprojektowa\u0142a i wyprodukowa\u0142a cztery morskie d\u017awigi typu RAM luffing przeznaczone dla projektu farmy wiatrowej Baltica 2. Urz\u0105dzenia zosta\u0142y dostarczone do partnera Protea &#8211; firmy PTSC Mechanical &#038; Construction, gdzie zostan\u0105 zintegrowane z infrastruktur\u0105 platformy Baltica 2. \u017burawie, ka\u017cdy o ud\u017awigu 5 ton i wysi\u0119gu 22 metr\u00f3w [&#8230;]<\/p>\n","protected":false},"author":3,"featured_media":4229,"comment_status":"closed","ping_status":"closed","sticky":false,"template":"","format":"standard","meta":{"_acf_changed":false,"protea_body_class":"","footnotes":""},"categories":[21],"tags":[],"class_list":["post-4230","post","type-post","status-publish","format-standard","has-post-thumbnail","hentry","category-news"],"yoast_head":"<!-- This site is optimized with the Yoast SEO plugin v27.4 - https:\/\/yoast.com\/product\/yoast-seo-wordpress\/ -->\n<title>Protea dla transformacji energetycznej Polski - Protea<\/title>\n<meta name=\"robots\" content=\"index, follow, max-snippet:-1, max-image-preview:large, max-video-preview:-1\" \/>\n<link rel=\"canonical\" href=\"https:\/\/protea.pl\/pl\/protea-dla-transformacji-energetycznej-polski\/\" \/>\n<meta property=\"og:locale\" content=\"pl_PL\" \/>\n<meta property=\"og:type\" content=\"article\" \/>\n<meta property=\"og:title\" content=\"Protea dla transformacji energetycznej Polski - Protea\" \/>\n<meta property=\"og:description\" content=\"Polski wk\u0142ad w rozw\u00f3j morskiej energetyki wiatrowej. Protea z sukcesem zaprojektowa\u0142a i wyprodukowa\u0142a cztery morskie d\u017awigi typu RAM luffing przeznaczone dla projektu farmy wiatrowej Baltica 2. Urz\u0105dzenia zosta\u0142y dostarczone do partnera Protea - firmy PTSC Mechanical &amp; Construction, gdzie zostan\u0105 zintegrowane z infrastruktur\u0105 platformy Baltica 2. \u017burawie, ka\u017cdy o ud\u017awigu 5 ton i wysi\u0119gu 22 metr\u00f3w [...]\" \/>\n<meta property=\"og:url\" content=\"https:\/\/protea.pl\/pl\/protea-dla-transformacji-energetycznej-polski\/\" \/>\n<meta property=\"og:site_name\" content=\"Protea\" \/>\n<meta property=\"article:published_time\" content=\"2026-02-24T14:39:36+00:00\" \/>\n<meta property=\"article:modified_time\" content=\"2026-02-25T09:02:47+00:00\" \/>\n<meta property=\"og:image\" content=\"https:\/\/protea.pl\/wp-content\/uploads\/2026\/02\/Baltica2.jpeg\" \/>\n\t<meta property=\"og:image:width\" content=\"1184\" \/>\n\t<meta property=\"og:image:height\" content=\"717\" \/>\n\t<meta property=\"og:image:type\" content=\"image\/jpeg\" \/>\n<meta name=\"author\" content=\"Anna Majchrzak\" \/>\n<meta name=\"twitter:card\" content=\"summary_large_image\" \/>\n<meta name=\"twitter:label1\" content=\"Napisane przez\" \/>\n\t<meta name=\"twitter:data1\" content=\"Anna Majchrzak\" \/>\n\t<meta name=\"twitter:label2\" content=\"Szacowany czas czytania\" \/>\n\t<meta name=\"twitter:data2\" content=\"2 minuty\" \/>\n<script type=\"application\/ld+json\" class=\"yoast-schema-graph\">{\"@context\":\"https:\\\/\\\/schema.org\",\"@graph\":[{\"@type\":\"Article\",\"@id\":\"https:\\\/\\\/protea.pl\\\/pl\\\/protea-dla-transformacji-energetycznej-polski\\\/#article\",\"isPartOf\":{\"@id\":\"https:\\\/\\\/protea.pl\\\/pl\\\/protea-dla-transformacji-energetycznej-polski\\\/\"},\"author\":{\"name\":\"Anna Majchrzak\",\"@id\":\"https:\\\/\\\/protea.pl\\\/#\\\/schema\\\/person\\\/3ed7874e80bd7e433748c84d7ac42657\"},\"headline\":\"Protea dla transformacji energetycznej Polski\",\"datePublished\":\"2026-02-24T14:39:36+00:00\",\"dateModified\":\"2026-02-25T09:02:47+00:00\",\"mainEntityOfPage\":{\"@id\":\"https:\\\/\\\/protea.pl\\\/pl\\\/protea-dla-transformacji-energetycznej-polski\\\/\"},\"wordCount\":247,\"publisher\":{\"@id\":\"https:\\\/\\\/protea.pl\\\/#organization\"},\"image\":{\"@id\":\"https:\\\/\\\/protea.pl\\\/pl\\\/protea-dla-transformacji-energetycznej-polski\\\/#primaryimage\"},\"thumbnailUrl\":\"https:\\\/\\\/protea.pl\\\/wp-content\\\/uploads\\\/2026\\\/02\\\/Baltica2.jpeg\",\"articleSection\":[\"News\"],\"inLanguage\":\"pl-PL\"},{\"@type\":\"WebPage\",\"@id\":\"https:\\\/\\\/protea.pl\\\/pl\\\/protea-dla-transformacji-energetycznej-polski\\\/\",\"url\":\"https:\\\/\\\/protea.pl\\\/pl\\\/protea-dla-transformacji-energetycznej-polski\\\/\",\"name\":\"Protea dla transformacji energetycznej Polski - Protea\",\"isPartOf\":{\"@id\":\"https:\\\/\\\/protea.pl\\\/#website\"},\"primaryImageOfPage\":{\"@id\":\"https:\\\/\\\/protea.pl\\\/pl\\\/protea-dla-transformacji-energetycznej-polski\\\/#primaryimage\"},\"image\":{\"@id\":\"https:\\\/\\\/protea.pl\\\/pl\\\/protea-dla-transformacji-energetycznej-polski\\\/#primaryimage\"},\"thumbnailUrl\":\"https:\\\/\\\/protea.pl\\\/wp-content\\\/uploads\\\/2026\\\/02\\\/Baltica2.jpeg\",\"datePublished\":\"2026-02-24T14:39:36+00:00\",\"dateModified\":\"2026-02-25T09:02:47+00:00\",\"breadcrumb\":{\"@id\":\"https:\\\/\\\/protea.pl\\\/pl\\\/protea-dla-transformacji-energetycznej-polski\\\/#breadcrumb\"},\"inLanguage\":\"pl-PL\",\"potentialAction\":[{\"@type\":\"ReadAction\",\"target\":[\"https:\\\/\\\/protea.pl\\\/pl\\\/protea-dla-transformacji-energetycznej-polski\\\/\"]}]},{\"@type\":\"ImageObject\",\"inLanguage\":\"pl-PL\",\"@id\":\"https:\\\/\\\/protea.pl\\\/pl\\\/protea-dla-transformacji-energetycznej-polski\\\/#primaryimage\",\"url\":\"https:\\\/\\\/protea.pl\\\/wp-content\\\/uploads\\\/2026\\\/02\\\/Baltica2.jpeg\",\"contentUrl\":\"https:\\\/\\\/protea.pl\\\/wp-content\\\/uploads\\\/2026\\\/02\\\/Baltica2.jpeg\",\"width\":1184,\"height\":717},{\"@type\":\"BreadcrumbList\",\"@id\":\"https:\\\/\\\/protea.pl\\\/pl\\\/protea-dla-transformacji-energetycznej-polski\\\/#breadcrumb\",\"itemListElement\":[{\"@type\":\"ListItem\",\"position\":1,\"name\":\"Home\",\"item\":\"https:\\\/\\\/protea.pl\\\/pl\\\/\"},{\"@type\":\"ListItem\",\"position\":2,\"name\":\"Protea dla transformacji energetycznej Polski\"}]},{\"@type\":\"WebSite\",\"@id\":\"https:\\\/\\\/protea.pl\\\/#website\",\"url\":\"https:\\\/\\\/protea.pl\\\/\",\"name\":\"Protea\",\"description\":\"\",\"publisher\":{\"@id\":\"https:\\\/\\\/protea.pl\\\/#organization\"},\"potentialAction\":[{\"@type\":\"SearchAction\",\"target\":{\"@type\":\"EntryPoint\",\"urlTemplate\":\"https:\\\/\\\/protea.pl\\\/?s={search_term_string}\"},\"query-input\":{\"@type\":\"PropertyValueSpecification\",\"valueRequired\":true,\"valueName\":\"search_term_string\"}}],\"inLanguage\":\"pl-PL\"},{\"@type\":\"Organization\",\"@id\":\"https:\\\/\\\/protea.pl\\\/#organization\",\"name\":\"Protea\",\"url\":\"https:\\\/\\\/protea.pl\\\/\",\"logo\":{\"@type\":\"ImageObject\",\"inLanguage\":\"pl-PL\",\"@id\":\"https:\\\/\\\/protea.pl\\\/#\\\/schema\\\/logo\\\/image\\\/\",\"url\":\"https:\\\/\\\/protea.pl\\\/wp-content\\\/uploads\\\/2025\\\/07\\\/cropped-logo.png\",\"contentUrl\":\"https:\\\/\\\/protea.pl\\\/wp-content\\\/uploads\\\/2025\\\/07\\\/cropped-logo.png\",\"width\":569,\"height\":250,\"caption\":\"Protea\"},\"image\":{\"@id\":\"https:\\\/\\\/protea.pl\\\/#\\\/schema\\\/logo\\\/image\\\/\"}},{\"@type\":\"Person\",\"@id\":\"https:\\\/\\\/protea.pl\\\/#\\\/schema\\\/person\\\/3ed7874e80bd7e433748c84d7ac42657\",\"name\":\"Anna Majchrzak\",\"image\":{\"@type\":\"ImageObject\",\"inLanguage\":\"pl-PL\",\"@id\":\"https:\\\/\\\/secure.gravatar.com\\\/avatar\\\/77e60563633851179bc6b40a95456077810fa69d46670070d46b5d92e4e1a5af?s=96&d=mm&r=g\",\"url\":\"https:\\\/\\\/secure.gravatar.com\\\/avatar\\\/77e60563633851179bc6b40a95456077810fa69d46670070d46b5d92e4e1a5af?s=96&d=mm&r=g\",\"contentUrl\":\"https:\\\/\\\/secure.gravatar.com\\\/avatar\\\/77e60563633851179bc6b40a95456077810fa69d46670070d46b5d92e4e1a5af?s=96&d=mm&r=g\",\"caption\":\"Anna Majchrzak\"},\"url\":\"https:\\\/\\\/protea.pl\\\/pl\\\/author\\\/anna-majchrzak\\\/\"}]}<\/script>\n<!-- \/ Yoast SEO plugin. -->","yoast_head_json":{"title":"Protea dla transformacji energetycznej Polski - Protea","robots":{"index":"index","follow":"follow","max-snippet":"max-snippet:-1","max-image-preview":"max-image-preview:large","max-video-preview":"max-video-preview:-1"},"canonical":"https:\/\/protea.pl\/pl\/protea-dla-transformacji-energetycznej-polski\/","og_locale":"pl_PL","og_type":"article","og_title":"Protea dla transformacji energetycznej Polski - Protea","og_description":"Polski wk\u0142ad w rozw\u00f3j morskiej energetyki wiatrowej. Protea z sukcesem zaprojektowa\u0142a i wyprodukowa\u0142a cztery morskie d\u017awigi typu RAM luffing przeznaczone dla projektu farmy wiatrowej Baltica 2. Urz\u0105dzenia zosta\u0142y dostarczone do partnera Protea - firmy PTSC Mechanical & Construction, gdzie zostan\u0105 zintegrowane z infrastruktur\u0105 platformy Baltica 2. \u017burawie, ka\u017cdy o ud\u017awigu 5 ton i wysi\u0119gu 22 metr\u00f3w [...]","og_url":"https:\/\/protea.pl\/pl\/protea-dla-transformacji-energetycznej-polski\/","og_site_name":"Protea","article_published_time":"2026-02-24T14:39:36+00:00","article_modified_time":"2026-02-25T09:02:47+00:00","og_image":[{"width":1184,"height":717,"url":"https:\/\/protea.pl\/wp-content\/uploads\/2026\/02\/Baltica2.jpeg","type":"image\/jpeg"}],"author":"Anna Majchrzak","twitter_card":"summary_large_image","twitter_misc":{"Napisane przez":"Anna Majchrzak","Szacowany czas czytania":"2 minuty"},"schema":{"@context":"https:\/\/schema.org","@graph":[{"@type":"Article","@id":"https:\/\/protea.pl\/pl\/protea-dla-transformacji-energetycznej-polski\/#article","isPartOf":{"@id":"https:\/\/protea.pl\/pl\/protea-dla-transformacji-energetycznej-polski\/"},"author":{"name":"Anna Majchrzak","@id":"https:\/\/protea.pl\/#\/schema\/person\/3ed7874e80bd7e433748c84d7ac42657"},"headline":"Protea dla transformacji energetycznej Polski","datePublished":"2026-02-24T14:39:36+00:00","dateModified":"2026-02-25T09:02:47+00:00","mainEntityOfPage":{"@id":"https:\/\/protea.pl\/pl\/protea-dla-transformacji-energetycznej-polski\/"},"wordCount":247,"publisher":{"@id":"https:\/\/protea.pl\/#organization"},"image":{"@id":"https:\/\/protea.pl\/pl\/protea-dla-transformacji-energetycznej-polski\/#primaryimage"},"thumbnailUrl":"https:\/\/protea.pl\/wp-content\/uploads\/2026\/02\/Baltica2.jpeg","articleSection":["News"],"inLanguage":"pl-PL"},{"@type":"WebPage","@id":"https:\/\/protea.pl\/pl\/protea-dla-transformacji-energetycznej-polski\/","url":"https:\/\/protea.pl\/pl\/protea-dla-transformacji-energetycznej-polski\/","name":"Protea dla transformacji energetycznej Polski - Protea","isPartOf":{"@id":"https:\/\/protea.pl\/#website"},"primaryImageOfPage":{"@id":"https:\/\/protea.pl\/pl\/protea-dla-transformacji-energetycznej-polski\/#primaryimage"},"image":{"@id":"https:\/\/protea.pl\/pl\/protea-dla-transformacji-energetycznej-polski\/#primaryimage"},"thumbnailUrl":"https:\/\/protea.pl\/wp-content\/uploads\/2026\/02\/Baltica2.jpeg","datePublished":"2026-02-24T14:39:36+00:00","dateModified":"2026-02-25T09:02:47+00:00","breadcrumb":{"@id":"https:\/\/protea.pl\/pl\/protea-dla-transformacji-energetycznej-polski\/#breadcrumb"},"inLanguage":"pl-PL","potentialAction":[{"@type":"ReadAction","target":["https:\/\/protea.pl\/pl\/protea-dla-transformacji-energetycznej-polski\/"]}]},{"@type":"ImageObject","inLanguage":"pl-PL","@id":"https:\/\/protea.pl\/pl\/protea-dla-transformacji-energetycznej-polski\/#primaryimage","url":"https:\/\/protea.pl\/wp-content\/uploads\/2026\/02\/Baltica2.jpeg","contentUrl":"https:\/\/protea.pl\/wp-content\/uploads\/2026\/02\/Baltica2.jpeg","width":1184,"height":717},{"@type":"BreadcrumbList","@id":"https:\/\/protea.pl\/pl\/protea-dla-transformacji-energetycznej-polski\/#breadcrumb","itemListElement":[{"@type":"ListItem","position":1,"name":"Home","item":"https:\/\/protea.pl\/pl\/"},{"@type":"ListItem","position":2,"name":"Protea dla transformacji energetycznej Polski"}]},{"@type":"WebSite","@id":"https:\/\/protea.pl\/#website","url":"https:\/\/protea.pl\/","name":"Protea","description":"","publisher":{"@id":"https:\/\/protea.pl\/#organization"},"potentialAction":[{"@type":"SearchAction","target":{"@type":"EntryPoint","urlTemplate":"https:\/\/protea.pl\/?s={search_term_string}"},"query-input":{"@type":"PropertyValueSpecification","valueRequired":true,"valueName":"search_term_string"}}],"inLanguage":"pl-PL"},{"@type":"Organization","@id":"https:\/\/protea.pl\/#organization","name":"Protea","url":"https:\/\/protea.pl\/","logo":{"@type":"ImageObject","inLanguage":"pl-PL","@id":"https:\/\/protea.pl\/#\/schema\/logo\/image\/","url":"https:\/\/protea.pl\/wp-content\/uploads\/2025\/07\/cropped-logo.png","contentUrl":"https:\/\/protea.pl\/wp-content\/uploads\/2025\/07\/cropped-logo.png","width":569,"height":250,"caption":"Protea"},"image":{"@id":"https:\/\/protea.pl\/#\/schema\/logo\/image\/"}},{"@type":"Person","@id":"https:\/\/protea.pl\/#\/schema\/person\/3ed7874e80bd7e433748c84d7ac42657","name":"Anna Majchrzak","image":{"@type":"ImageObject","inLanguage":"pl-PL","@id":"https:\/\/secure.gravatar.com\/avatar\/77e60563633851179bc6b40a95456077810fa69d46670070d46b5d92e4e1a5af?s=96&d=mm&r=g","url":"https:\/\/secure.gravatar.com\/avatar\/77e60563633851179bc6b40a95456077810fa69d46670070d46b5d92e4e1a5af?s=96&d=mm&r=g","contentUrl":"https:\/\/secure.gravatar.com\/avatar\/77e60563633851179bc6b40a95456077810fa69d46670070d46b5d92e4e1a5af?s=96&d=mm&r=g","caption":"Anna Majchrzak"},"url":"https:\/\/protea.pl\/pl\/author\/anna-majchrzak\/"}]}},"acf":[],"post_thumbnail":{"src":"https:\/\/protea.pl\/wp-content\/uploads\/2026\/02\/Baltica2.jpeg","width":512,"height":310,"caption":""},"posts_block_image":null,"posts_block_mobile_image":null,"featured_image":{"src":"https:\/\/protea.pl\/wp-content\/uploads\/2026\/02\/Baltica2-512x310.jpeg?t=1772009922","width":512,"height":310,"caption":""},"author_info":{"display_name":"Anna Majchrzak","author_link":"https:\/\/protea.pl\/pl\/author\/anna-majchrzak\/","avatar":"<img alt='' src='https:\/\/secure.gravatar.com\/avatar\/77e60563633851179bc6b40a95456077810fa69d46670070d46b5d92e4e1a5af?s=48&#038;d=mm&#038;r=g' srcset='https:\/\/secure.gravatar.com\/avatar\/77e60563633851179bc6b40a95456077810fa69d46670070d46b5d92e4e1a5af?s=96&#038;d=mm&#038;r=g 2x' class='avatar avatar-48 photo' height='48' width='48' loading='lazy' decoding='async'\/>"},"post_categories":[{"category_link":"https:\/\/protea.pl\/pl\/kategoria\/news\/","category_name":"News"}],"time_reading":"","_links":{"self":[{"href":"https:\/\/protea.pl\/pl\/wp-json\/wp\/v2\/posts\/4230","targetHints":{"allow":["GET"]}}],"collection":[{"href":"https:\/\/protea.pl\/pl\/wp-json\/wp\/v2\/posts"}],"about":[{"href":"https:\/\/protea.pl\/pl\/wp-json\/wp\/v2\/types\/post"}],"author":[{"embeddable":true,"href":"https:\/\/protea.pl\/pl\/wp-json\/wp\/v2\/users\/3"}],"replies":[{"embeddable":true,"href":"https:\/\/protea.pl\/pl\/wp-json\/wp\/v2\/comments?post=4230"}],"version-history":[{"count":2,"href":"https:\/\/protea.pl\/pl\/wp-json\/wp\/v2\/posts\/4230\/revisions"}],"predecessor-version":[{"id":4233,"href":"https:\/\/protea.pl\/pl\/wp-json\/wp\/v2\/posts\/4230\/revisions\/4233"}],"wp:featuredmedia":[{"embeddable":true,"href":"https:\/\/protea.pl\/pl\/wp-json\/wp\/v2\/media\/4229"}],"wp:attachment":[{"href":"https:\/\/protea.pl\/pl\/wp-json\/wp\/v2\/media?parent=4230"}],"wp:term":[{"taxonomy":"category","embeddable":true,"href":"https:\/\/protea.pl\/pl\/wp-json\/wp\/v2\/categories?post=4230"},{"taxonomy":"post_tag","embeddable":true,"href":"https:\/\/protea.pl\/pl\/wp-json\/wp\/v2\/tags?post=4230"}],"curies":[{"name":"wp","href":"https:\/\/api.w.org\/{rel}","templated":true}]}}