{"id":4356,"date":"2026-04-29T09:18:09","date_gmt":"2026-04-29T07:18:09","guid":{"rendered":"https:\/\/protea.pl\/?p=4356"},"modified":"2026-04-29T09:18:49","modified_gmt":"2026-04-29T07:18:49","slug":"protea-na-targach-windeurope-2026","status":"publish","type":"post","link":"https:\/\/protea.pl\/pl\/protea-na-targach-windeurope-2026\/","title":{"rendered":"Protea na targach WindEurope 2026 w Madrycie!"},"content":{"rendered":"\n<p>W dniach 21\u201323 kwietnia nasza firma mia\u0142a przyjemno\u015b\u0107 uczestniczy\u0107 w targach WindEurope w Madrycie &#8211; jednym z najwa\u017cniejszych wydarze\u0144 dla sektora energetyki wiatrowej w Europie.<\/p>\n\n\n\n<figure class=\"image\"><div class=\"inner-container\"><img loading=\"lazy\" decoding=\"async\" src=\"https:\/\/protea.pl\/wp-content\/uploads\/2026\/04\/84C31921-0300-4A01-B550-FBE8593CE009.jpg\" class=\"wp-image-4358\" width=\"2000\" height=\"1500\" srcset=\"https:\/\/protea.pl\/wp-content\/uploads\/2026\/04\/84C31921-0300-4A01-B550-FBE8593CE009.jpg 2000w, https:\/\/protea.pl\/wp-content\/uploads\/2026\/04\/84C31921-0300-4A01-B550-FBE8593CE009-768x576.jpg 768w, https:\/\/protea.pl\/wp-content\/uploads\/2026\/04\/84C31921-0300-4A01-B550-FBE8593CE009-1280x960.jpg 1280w, https:\/\/protea.pl\/wp-content\/uploads\/2026\/04\/84C31921-0300-4A01-B550-FBE8593CE009-256x192.jpg 256w, https:\/\/protea.pl\/wp-content\/uploads\/2026\/04\/84C31921-0300-4A01-B550-FBE8593CE009-1024x768.jpg 1024w, https:\/\/protea.pl\/wp-content\/uploads\/2026\/04\/84C31921-0300-4A01-B550-FBE8593CE009-1536x1152.jpg 1536w, https:\/\/protea.pl\/wp-content\/uploads\/2026\/04\/84C31921-0300-4A01-B550-FBE8593CE009-512x384.jpg 512w\" sizes=\"auto, (max-width: 2000px) 100vw, 2000px\" \/><\/div><\/figure>\n\n\n\n<p>Podczas wydarzenia z dum\u0105 go\u015bcili\u015bmy na w\u0142asnym stoisku, gdzie mieli\u015bmy okazj\u0119 spotka\u0107 si\u0119 z naszymi obecnymi klientami, pozna\u0107 potencjalnych nowych partner\u00f3w oraz porozmawia\u0107 z naszymi dostawcami. Te warto\u015bciowe rozmowy i wymiana do\u015bwiadcze\u0144 stanowi\u0105 wa\u017cny element naszego rozwoju oraz wzmacniania pozycji w bran\u017cy odnawialnych \u017ar\u00f3de\u0142 energii.<\/p>\n\n\n\n<figure class=\"image\"><div class=\"inner-container\"><img loading=\"lazy\" decoding=\"async\" src=\"https:\/\/protea.pl\/wp-content\/uploads\/2026\/04\/IMG_6550-1.jpg\" class=\"wp-image-4359\" width=\"2000\" height=\"1500\" srcset=\"https:\/\/protea.pl\/wp-content\/uploads\/2026\/04\/IMG_6550-1.jpg 2000w, https:\/\/protea.pl\/wp-content\/uploads\/2026\/04\/IMG_6550-1-768x576.jpg 768w, https:\/\/protea.pl\/wp-content\/uploads\/2026\/04\/IMG_6550-1-1280x960.jpg 1280w, https:\/\/protea.pl\/wp-content\/uploads\/2026\/04\/IMG_6550-1-256x192.jpg 256w, https:\/\/protea.pl\/wp-content\/uploads\/2026\/04\/IMG_6550-1-1024x768.jpg 1024w, https:\/\/protea.pl\/wp-content\/uploads\/2026\/04\/IMG_6550-1-1536x1152.jpg 1536w, https:\/\/protea.pl\/wp-content\/uploads\/2026\/04\/IMG_6550-1-512x384.jpg 512w\" sizes=\"auto, (max-width: 2000px) 100vw, 2000px\" \/><\/div><\/figure>\n\n\n\n<p>WindEurope po raz kolejny okaza\u0142o si\u0119 inspiruj\u0105cym i dynamicznym wydarzeniem, kt\u00f3re zgromadzi\u0142o profesjonalist\u00f3w z ca\u0142ego sektora. Cieszymy si\u0119, \u017ce mogli\u015bmy by\u0107 jego cz\u0119\u015bci\u0105 i aktywnie uczestniczy\u0107 w rozwoju morskiej energetyki wiatrowej.<\/p>\n\n\n\n<p>Dzi\u0119kujemy wszystkim, kt\u00f3rzy odwiedzili nasze stoisko \u2014 do zobaczenia przy kolejnych okazjach!<\/p>\n","protected":false},"excerpt":{"rendered":"<p>W dniach 21\u201323 kwietnia nasza firma mia\u0142a przyjemno\u015b\u0107 uczestniczy\u0107 w targach WindEurope w Madrycie &#8211; jednym z najwa\u017cniejszych wydarze\u0144 dla sektora energetyki wiatrowej w Europie. Podczas wydarzenia z dum\u0105 go\u015bcili\u015bmy na w\u0142asnym stoisku, gdzie mieli\u015bmy okazj\u0119 spotka\u0107 si\u0119 z naszymi obecnymi klientami, pozna\u0107 potencjalnych nowych partner\u00f3w oraz porozmawia\u0107 z naszymi dostawcami. Te [&#8230;]<\/p>\n","protected":false},"author":3,"featured_media":4357,"comment_status":"closed","ping_status":"open","sticky":false,"template":"","format":"standard","meta":{"_acf_changed":false,"protea_body_class":"","footnotes":""},"categories":[1],"tags":[],"class_list":["post-4356","post","type-post","status-publish","format-standard","has-post-thumbnail","hentry","category-news"],"yoast_head":"<!-- This site is optimized with the Yoast SEO plugin v27.4 - https:\/\/yoast.com\/product\/yoast-seo-wordpress\/ -->\n<title>Protea na targach WindEurope 2026 w Madrycie! - Protea<\/title>\n<meta name=\"robots\" content=\"index, follow, max-snippet:-1, max-image-preview:large, max-video-preview:-1\" \/>\n<link rel=\"canonical\" href=\"https:\/\/protea.pl\/pl\/protea-na-targach-windeurope-2026\/\" \/>\n<meta property=\"og:locale\" content=\"pl_PL\" \/>\n<meta property=\"og:type\" content=\"article\" \/>\n<meta property=\"og:title\" content=\"Protea na targach WindEurope 2026 w Madrycie! - Protea\" \/>\n<meta property=\"og:description\" content=\"W dniach 21\u201323 kwietnia nasza firma mia\u0142a przyjemno\u015b\u0107 uczestniczy\u0107 w targach WindEurope w Madrycie - jednym z najwa\u017cniejszych wydarze\u0144 dla sektora energetyki wiatrowej w Europie. Podczas wydarzenia z dum\u0105 go\u015bcili\u015bmy na w\u0142asnym stoisku, gdzie mieli\u015bmy okazj\u0119 spotka\u0107 si\u0119 z naszymi obecnymi klientami, pozna\u0107 potencjalnych nowych partner\u00f3w oraz porozmawia\u0107 z naszymi dostawcami. Te [...]\" \/>\n<meta property=\"og:url\" content=\"https:\/\/protea.pl\/pl\/protea-na-targach-windeurope-2026\/\" \/>\n<meta property=\"og:site_name\" content=\"Protea\" \/>\n<meta property=\"article:published_time\" content=\"2026-04-29T07:18:09+00:00\" \/>\n<meta property=\"article:modified_time\" content=\"2026-04-29T07:18:49+00:00\" \/>\n<meta property=\"og:image\" content=\"https:\/\/protea.pl\/wp-content\/uploads\/2026\/04\/53B51E22-5A5A-4EBB-9323-BCC9AC9700B5-1.jpg\" \/>\n\t<meta property=\"og:image:width\" content=\"2000\" \/>\n\t<meta property=\"og:image:height\" content=\"1500\" \/>\n\t<meta property=\"og:image:type\" content=\"image\/jpeg\" \/>\n<meta name=\"author\" content=\"Anna Majchrzak\" \/>\n<meta name=\"twitter:card\" content=\"summary_large_image\" \/>\n<meta name=\"twitter:label1\" content=\"Napisane przez\" \/>\n\t<meta name=\"twitter:data1\" content=\"Anna Majchrzak\" \/>\n\t<meta name=\"twitter:label2\" content=\"Szacowany czas czytania\" \/>\n\t<meta name=\"twitter:data2\" content=\"2 minuty\" \/>\n<script type=\"application\/ld+json\" class=\"yoast-schema-graph\">{\"@context\":\"https:\\\/\\\/schema.org\",\"@graph\":[{\"@type\":\"Article\",\"@id\":\"https:\\\/\\\/protea.pl\\\/pl\\\/protea-na-targach-windeurope-2026\\\/#article\",\"isPartOf\":{\"@id\":\"https:\\\/\\\/protea.pl\\\/pl\\\/protea-na-targach-windeurope-2026\\\/\"},\"author\":{\"name\":\"Anna Majchrzak\",\"@id\":\"https:\\\/\\\/protea.pl\\\/#\\\/schema\\\/person\\\/3ed7874e80bd7e433748c84d7ac42657\"},\"headline\":\"Protea na targach WindEurope 2026 w Madrycie!\",\"datePublished\":\"2026-04-29T07:18:09+00:00\",\"dateModified\":\"2026-04-29T07:18:49+00:00\",\"mainEntityOfPage\":{\"@id\":\"https:\\\/\\\/protea.pl\\\/pl\\\/protea-na-targach-windeurope-2026\\\/\"},\"wordCount\":139,\"publisher\":{\"@id\":\"https:\\\/\\\/protea.pl\\\/#organization\"},\"image\":{\"@id\":\"https:\\\/\\\/protea.pl\\\/pl\\\/protea-na-targach-windeurope-2026\\\/#primaryimage\"},\"thumbnailUrl\":\"https:\\\/\\\/protea.pl\\\/wp-content\\\/uploads\\\/2026\\\/04\\\/53B51E22-5A5A-4EBB-9323-BCC9AC9700B5-1.jpg\",\"articleSection\":[\"News\"],\"inLanguage\":\"pl-PL\"},{\"@type\":\"WebPage\",\"@id\":\"https:\\\/\\\/protea.pl\\\/pl\\\/protea-na-targach-windeurope-2026\\\/\",\"url\":\"https:\\\/\\\/protea.pl\\\/pl\\\/protea-na-targach-windeurope-2026\\\/\",\"name\":\"Protea na targach WindEurope 2026 w Madrycie! - Protea\",\"isPartOf\":{\"@id\":\"https:\\\/\\\/protea.pl\\\/#website\"},\"primaryImageOfPage\":{\"@id\":\"https:\\\/\\\/protea.pl\\\/pl\\\/protea-na-targach-windeurope-2026\\\/#primaryimage\"},\"image\":{\"@id\":\"https:\\\/\\\/protea.pl\\\/pl\\\/protea-na-targach-windeurope-2026\\\/#primaryimage\"},\"thumbnailUrl\":\"https:\\\/\\\/protea.pl\\\/wp-content\\\/uploads\\\/2026\\\/04\\\/53B51E22-5A5A-4EBB-9323-BCC9AC9700B5-1.jpg\",\"datePublished\":\"2026-04-29T07:18:09+00:00\",\"dateModified\":\"2026-04-29T07:18:49+00:00\",\"breadcrumb\":{\"@id\":\"https:\\\/\\\/protea.pl\\\/pl\\\/protea-na-targach-windeurope-2026\\\/#breadcrumb\"},\"inLanguage\":\"pl-PL\",\"potentialAction\":[{\"@type\":\"ReadAction\",\"target\":[\"https:\\\/\\\/protea.pl\\\/pl\\\/protea-na-targach-windeurope-2026\\\/\"]}]},{\"@type\":\"ImageObject\",\"inLanguage\":\"pl-PL\",\"@id\":\"https:\\\/\\\/protea.pl\\\/pl\\\/protea-na-targach-windeurope-2026\\\/#primaryimage\",\"url\":\"https:\\\/\\\/protea.pl\\\/wp-content\\\/uploads\\\/2026\\\/04\\\/53B51E22-5A5A-4EBB-9323-BCC9AC9700B5-1.jpg\",\"contentUrl\":\"https:\\\/\\\/protea.pl\\\/wp-content\\\/uploads\\\/2026\\\/04\\\/53B51E22-5A5A-4EBB-9323-BCC9AC9700B5-1.jpg\",\"width\":2000,\"height\":1500},{\"@type\":\"BreadcrumbList\",\"@id\":\"https:\\\/\\\/protea.pl\\\/pl\\\/protea-na-targach-windeurope-2026\\\/#breadcrumb\",\"itemListElement\":[{\"@type\":\"ListItem\",\"position\":1,\"name\":\"Home\",\"item\":\"https:\\\/\\\/protea.pl\\\/pl\\\/\"},{\"@type\":\"ListItem\",\"position\":2,\"name\":\"Protea na targach WindEurope 2026 w Madrycie!\"}]},{\"@type\":\"WebSite\",\"@id\":\"https:\\\/\\\/protea.pl\\\/#website\",\"url\":\"https:\\\/\\\/protea.pl\\\/\",\"name\":\"Protea\",\"description\":\"\",\"publisher\":{\"@id\":\"https:\\\/\\\/protea.pl\\\/#organization\"},\"potentialAction\":[{\"@type\":\"SearchAction\",\"target\":{\"@type\":\"EntryPoint\",\"urlTemplate\":\"https:\\\/\\\/protea.pl\\\/?s={search_term_string}\"},\"query-input\":{\"@type\":\"PropertyValueSpecification\",\"valueRequired\":true,\"valueName\":\"search_term_string\"}}],\"inLanguage\":\"pl-PL\"},{\"@type\":\"Organization\",\"@id\":\"https:\\\/\\\/protea.pl\\\/#organization\",\"name\":\"Protea\",\"url\":\"https:\\\/\\\/protea.pl\\\/\",\"logo\":{\"@type\":\"ImageObject\",\"inLanguage\":\"pl-PL\",\"@id\":\"https:\\\/\\\/protea.pl\\\/#\\\/schema\\\/logo\\\/image\\\/\",\"url\":\"https:\\\/\\\/protea.pl\\\/wp-content\\\/uploads\\\/2025\\\/07\\\/cropped-logo.png\",\"contentUrl\":\"https:\\\/\\\/protea.pl\\\/wp-content\\\/uploads\\\/2025\\\/07\\\/cropped-logo.png\",\"width\":569,\"height\":250,\"caption\":\"Protea\"},\"image\":{\"@id\":\"https:\\\/\\\/protea.pl\\\/#\\\/schema\\\/logo\\\/image\\\/\"}},{\"@type\":\"Person\",\"@id\":\"https:\\\/\\\/protea.pl\\\/#\\\/schema\\\/person\\\/3ed7874e80bd7e433748c84d7ac42657\",\"name\":\"Anna Majchrzak\",\"image\":{\"@type\":\"ImageObject\",\"inLanguage\":\"pl-PL\",\"@id\":\"https:\\\/\\\/secure.gravatar.com\\\/avatar\\\/77e60563633851179bc6b40a95456077810fa69d46670070d46b5d92e4e1a5af?s=96&d=mm&r=g\",\"url\":\"https:\\\/\\\/secure.gravatar.com\\\/avatar\\\/77e60563633851179bc6b40a95456077810fa69d46670070d46b5d92e4e1a5af?s=96&d=mm&r=g\",\"contentUrl\":\"https:\\\/\\\/secure.gravatar.com\\\/avatar\\\/77e60563633851179bc6b40a95456077810fa69d46670070d46b5d92e4e1a5af?s=96&d=mm&r=g\",\"caption\":\"Anna Majchrzak\"},\"url\":\"https:\\\/\\\/protea.pl\\\/pl\\\/author\\\/anna-majchrzak\\\/\"}]}<\/script>\n<!-- \/ Yoast SEO plugin. -->","yoast_head_json":{"title":"Protea na targach WindEurope 2026 w Madrycie! - Protea","robots":{"index":"index","follow":"follow","max-snippet":"max-snippet:-1","max-image-preview":"max-image-preview:large","max-video-preview":"max-video-preview:-1"},"canonical":"https:\/\/protea.pl\/pl\/protea-na-targach-windeurope-2026\/","og_locale":"pl_PL","og_type":"article","og_title":"Protea na targach WindEurope 2026 w Madrycie! - Protea","og_description":"W dniach 21\u201323 kwietnia nasza firma mia\u0142a przyjemno\u015b\u0107 uczestniczy\u0107 w targach WindEurope w Madrycie - jednym z najwa\u017cniejszych wydarze\u0144 dla sektora energetyki wiatrowej w Europie. Podczas wydarzenia z dum\u0105 go\u015bcili\u015bmy na w\u0142asnym stoisku, gdzie mieli\u015bmy okazj\u0119 spotka\u0107 si\u0119 z naszymi obecnymi klientami, pozna\u0107 potencjalnych nowych partner\u00f3w oraz porozmawia\u0107 z naszymi dostawcami. Te [...]","og_url":"https:\/\/protea.pl\/pl\/protea-na-targach-windeurope-2026\/","og_site_name":"Protea","article_published_time":"2026-04-29T07:18:09+00:00","article_modified_time":"2026-04-29T07:18:49+00:00","og_image":[{"width":2000,"height":1500,"url":"https:\/\/protea.pl\/wp-content\/uploads\/2026\/04\/53B51E22-5A5A-4EBB-9323-BCC9AC9700B5-1.jpg","type":"image\/jpeg"}],"author":"Anna Majchrzak","twitter_card":"summary_large_image","twitter_misc":{"Napisane przez":"Anna Majchrzak","Szacowany czas czytania":"2 minuty"},"schema":{"@context":"https:\/\/schema.org","@graph":[{"@type":"Article","@id":"https:\/\/protea.pl\/pl\/protea-na-targach-windeurope-2026\/#article","isPartOf":{"@id":"https:\/\/protea.pl\/pl\/protea-na-targach-windeurope-2026\/"},"author":{"name":"Anna Majchrzak","@id":"https:\/\/protea.pl\/#\/schema\/person\/3ed7874e80bd7e433748c84d7ac42657"},"headline":"Protea na targach WindEurope 2026 w Madrycie!","datePublished":"2026-04-29T07:18:09+00:00","dateModified":"2026-04-29T07:18:49+00:00","mainEntityOfPage":{"@id":"https:\/\/protea.pl\/pl\/protea-na-targach-windeurope-2026\/"},"wordCount":139,"publisher":{"@id":"https:\/\/protea.pl\/#organization"},"image":{"@id":"https:\/\/protea.pl\/pl\/protea-na-targach-windeurope-2026\/#primaryimage"},"thumbnailUrl":"https:\/\/protea.pl\/wp-content\/uploads\/2026\/04\/53B51E22-5A5A-4EBB-9323-BCC9AC9700B5-1.jpg","articleSection":["News"],"inLanguage":"pl-PL"},{"@type":"WebPage","@id":"https:\/\/protea.pl\/pl\/protea-na-targach-windeurope-2026\/","url":"https:\/\/protea.pl\/pl\/protea-na-targach-windeurope-2026\/","name":"Protea na targach WindEurope 2026 w Madrycie! - Protea","isPartOf":{"@id":"https:\/\/protea.pl\/#website"},"primaryImageOfPage":{"@id":"https:\/\/protea.pl\/pl\/protea-na-targach-windeurope-2026\/#primaryimage"},"image":{"@id":"https:\/\/protea.pl\/pl\/protea-na-targach-windeurope-2026\/#primaryimage"},"thumbnailUrl":"https:\/\/protea.pl\/wp-content\/uploads\/2026\/04\/53B51E22-5A5A-4EBB-9323-BCC9AC9700B5-1.jpg","datePublished":"2026-04-29T07:18:09+00:00","dateModified":"2026-04-29T07:18:49+00:00","breadcrumb":{"@id":"https:\/\/protea.pl\/pl\/protea-na-targach-windeurope-2026\/#breadcrumb"},"inLanguage":"pl-PL","potentialAction":[{"@type":"ReadAction","target":["https:\/\/protea.pl\/pl\/protea-na-targach-windeurope-2026\/"]}]},{"@type":"ImageObject","inLanguage":"pl-PL","@id":"https:\/\/protea.pl\/pl\/protea-na-targach-windeurope-2026\/#primaryimage","url":"https:\/\/protea.pl\/wp-content\/uploads\/2026\/04\/53B51E22-5A5A-4EBB-9323-BCC9AC9700B5-1.jpg","contentUrl":"https:\/\/protea.pl\/wp-content\/uploads\/2026\/04\/53B51E22-5A5A-4EBB-9323-BCC9AC9700B5-1.jpg","width":2000,"height":1500},{"@type":"BreadcrumbList","@id":"https:\/\/protea.pl\/pl\/protea-na-targach-windeurope-2026\/#breadcrumb","itemListElement":[{"@type":"ListItem","position":1,"name":"Home","item":"https:\/\/protea.pl\/pl\/"},{"@type":"ListItem","position":2,"name":"Protea na targach WindEurope 2026 w Madrycie!"}]},{"@type":"WebSite","@id":"https:\/\/protea.pl\/#website","url":"https:\/\/protea.pl\/","name":"Protea","description":"","publisher":{"@id":"https:\/\/protea.pl\/#organization"},"potentialAction":[{"@type":"SearchAction","target":{"@type":"EntryPoint","urlTemplate":"https:\/\/protea.pl\/?s={search_term_string}"},"query-input":{"@type":"PropertyValueSpecification","valueRequired":true,"valueName":"search_term_string"}}],"inLanguage":"pl-PL"},{"@type":"Organization","@id":"https:\/\/protea.pl\/#organization","name":"Protea","url":"https:\/\/protea.pl\/","logo":{"@type":"ImageObject","inLanguage":"pl-PL","@id":"https:\/\/protea.pl\/#\/schema\/logo\/image\/","url":"https:\/\/protea.pl\/wp-content\/uploads\/2025\/07\/cropped-logo.png","contentUrl":"https:\/\/protea.pl\/wp-content\/uploads\/2025\/07\/cropped-logo.png","width":569,"height":250,"caption":"Protea"},"image":{"@id":"https:\/\/protea.pl\/#\/schema\/logo\/image\/"}},{"@type":"Person","@id":"https:\/\/protea.pl\/#\/schema\/person\/3ed7874e80bd7e433748c84d7ac42657","name":"Anna Majchrzak","image":{"@type":"ImageObject","inLanguage":"pl-PL","@id":"https:\/\/secure.gravatar.com\/avatar\/77e60563633851179bc6b40a95456077810fa69d46670070d46b5d92e4e1a5af?s=96&d=mm&r=g","url":"https:\/\/secure.gravatar.com\/avatar\/77e60563633851179bc6b40a95456077810fa69d46670070d46b5d92e4e1a5af?s=96&d=mm&r=g","contentUrl":"https:\/\/secure.gravatar.com\/avatar\/77e60563633851179bc6b40a95456077810fa69d46670070d46b5d92e4e1a5af?s=96&d=mm&r=g","caption":"Anna Majchrzak"},"url":"https:\/\/protea.pl\/pl\/author\/anna-majchrzak\/"}]}},"acf":[],"post_thumbnail":{"src":"https:\/\/protea.pl\/wp-content\/uploads\/2026\/04\/53B51E22-5A5A-4EBB-9323-BCC9AC9700B5-1.jpg","width":512,"height":384,"caption":""},"posts_block_image":null,"posts_block_mobile_image":null,"featured_image":{"src":"https:\/\/protea.pl\/wp-content\/uploads\/2026\/04\/53B51E22-5A5A-4EBB-9323-BCC9AC9700B5-1-512x384.jpg?t=1777446974","width":512,"height":384,"caption":""},"author_info":{"display_name":"Anna Majchrzak","author_link":"https:\/\/protea.pl\/pl\/author\/anna-majchrzak\/","avatar":"<img alt='' src='https:\/\/secure.gravatar.com\/avatar\/77e60563633851179bc6b40a95456077810fa69d46670070d46b5d92e4e1a5af?s=48&#038;d=mm&#038;r=g' srcset='https:\/\/secure.gravatar.com\/avatar\/77e60563633851179bc6b40a95456077810fa69d46670070d46b5d92e4e1a5af?s=96&#038;d=mm&#038;r=g 2x' class='avatar avatar-48 photo' height='48' width='48' loading='lazy' decoding='async'\/>"},"post_categories":[{"category_link":"https:\/\/protea.pl\/category\/news\/","category_name":"News"}],"time_reading":"","_links":{"self":[{"href":"https:\/\/protea.pl\/pl\/wp-json\/wp\/v2\/posts\/4356","targetHints":{"allow":["GET"]}}],"collection":[{"href":"https:\/\/protea.pl\/pl\/wp-json\/wp\/v2\/posts"}],"about":[{"href":"https:\/\/protea.pl\/pl\/wp-json\/wp\/v2\/types\/post"}],"author":[{"embeddable":true,"href":"https:\/\/protea.pl\/pl\/wp-json\/wp\/v2\/users\/3"}],"replies":[{"embeddable":true,"href":"https:\/\/protea.pl\/pl\/wp-json\/wp\/v2\/comments?post=4356"}],"version-history":[{"count":2,"href":"https:\/\/protea.pl\/pl\/wp-json\/wp\/v2\/posts\/4356\/revisions"}],"predecessor-version":[{"id":4361,"href":"https:\/\/protea.pl\/pl\/wp-json\/wp\/v2\/posts\/4356\/revisions\/4361"}],"wp:featuredmedia":[{"embeddable":true,"href":"https:\/\/protea.pl\/pl\/wp-json\/wp\/v2\/media\/4357"}],"wp:attachment":[{"href":"https:\/\/protea.pl\/pl\/wp-json\/wp\/v2\/media?parent=4356"}],"wp:term":[{"taxonomy":"category","embeddable":true,"href":"https:\/\/protea.pl\/pl\/wp-json\/wp\/v2\/categories?post=4356"},{"taxonomy":"post_tag","embeddable":true,"href":"https:\/\/protea.pl\/pl\/wp-json\/wp\/v2\/tags?post=4356"}],"curies":[{"name":"wp","href":"https:\/\/api.w.org\/{rel}","templated":true}]}}